{"id":15746,"date":"2020-04-20T18:16:07","date_gmt":"2020-04-20T21:16:07","guid":{"rendered":"https:\/\/www.ifbaiano.edu.br\/unidades\/lapa\/?p=15746"},"modified":"2020-04-20T18:16:07","modified_gmt":"2020-04-20T21:16:07","slug":"doacao-de-alimentos-a-casa-de-passagem","status":"publish","type":"post","link":"https:\/\/www.ifbaiano.edu.br\/unidades\/lapa\/2020\/04\/20\/doacao-de-alimentos-a-casa-de-passagem\/","title":{"rendered":"Doa\u00e7\u00e3o de alimentos a casa de passagem"},"content":{"rendered":"\n<p>O GT de combate ao corona v\u00edrus, em parceria com a CAE ( Coordena\u00e7\u00e3o de Assist\u00eancia ao Educando), realizou a doa\u00e7\u00e3o de alimentos no dia 16\/04 na Casa de Passagem de Bom Jesus da Lapa, realizando assim mais uma a\u00e7\u00e3o na ajuda do combate \u00e0s consequ\u00eancias da pandemia.<\/p>\n\n\n\n<figure class=\"wp-block-image size-large\"><img decoding=\"async\" loading=\"lazy\" width=\"1000\" height=\"1000\" src=\"https:\/\/www.ifbaiano.edu.br\/unidades\/lapa\/files\/2020\/04\/doacao.jpeg\" alt=\"\" class=\"wp-image-15747\" \/><\/figure>\n","protected":false},"excerpt":{"rendered":"<p>O GT de combate ao corona v\u00edrus, em parceria com a CAE ( Coordena\u00e7\u00e3o de Assist\u00eancia ao Educando), realizou a doa\u00e7\u00e3o de alimentos no dia 16\/04 na Casa de Passagem de Bom Jesus da Lapa, realizando assim mais uma a\u00e7\u00e3o na ajuda do combate \u00e0s consequ\u00eancias da pandemia.<\/p>\n","protected":false},"author":100,"featured_media":15747,"comment_status":"open","ping_status":"open","sticky":false,"template":"","format":"standard","meta":[],"categories":[32,64,39,24,65],"tags":[],"_links":{"self":[{"href":"https:\/\/www.ifbaiano.edu.br\/unidades\/lapa\/wp-json\/wp\/v2\/posts\/15746"}],"collection":[{"href":"https:\/\/www.ifbaiano.edu.br\/unidades\/lapa\/wp-json\/wp\/v2\/posts"}],"about":[{"href":"https:\/\/www.ifbaiano.edu.br\/unidades\/lapa\/wp-json\/wp\/v2\/types\/post"}],"author":[{"embeddable":true,"href":"https:\/\/www.ifbaiano.edu.br\/unidades\/lapa\/wp-json\/wp\/v2\/users\/100"}],"replies":[{"embeddable":true,"href":"https:\/\/www.ifbaiano.edu.br\/unidades\/lapa\/wp-json\/wp\/v2\/comments?post=15746"}],"version-history":[{"count":1,"href":"https:\/\/www.ifbaiano.edu.br\/unidades\/lapa\/wp-json\/wp\/v2\/posts\/15746\/revisions"}],"predecessor-version":[{"id":15748,"href":"https:\/\/www.ifbaiano.edu.br\/unidades\/lapa\/wp-json\/wp\/v2\/posts\/15746\/revisions\/15748"}],"wp:featuredmedia":[{"embeddable":true,"href":"https:\/\/www.ifbaiano.edu.br\/unidades\/lapa\/wp-json\/wp\/v2\/media\/15747"}],"wp:attachment":[{"href":"https:\/\/www.ifbaiano.edu.br\/unidades\/lapa\/wp-json\/wp\/v2\/media?parent=15746"}],"wp:term":[{"taxonomy":"category","embeddable":true,"href":"https:\/\/www.ifbaiano.edu.br\/unidades\/lapa\/wp-json\/wp\/v2\/categories?post=15746"},{"taxonomy":"post_tag","embeddable":true,"href":"https:\/\/www.ifbaiano.edu.br\/unidades\/lapa\/wp-json\/wp\/v2\/tags?post=15746"}],"curies":[{"name":"wp","href":"https:\/\/api.w.org\/{rel}","templated":true}]}}