{"id":15749,"date":"2020-04-22T11:11:09","date_gmt":"2020-04-22T14:11:09","guid":{"rendered":"https:\/\/www.ifbaiano.edu.br\/unidades\/lapa\/?p=15749"},"modified":"2020-04-22T11:11:09","modified_gmt":"2020-04-22T14:11:09","slug":"live-sobre-oratoria-e-diccao","status":"publish","type":"post","link":"https:\/\/www.ifbaiano.edu.br\/unidades\/lapa\/2020\/04\/22\/live-sobre-oratoria-e-diccao\/","title":{"rendered":"Live sobre orat\u00f3ria e dic\u00e7\u00e3o"},"content":{"rendered":"\n<p>Convidamos a comunidade a participar desta importante live sobre orat\u00f3ria e dic\u00e7\u00e3o. Com nossos convidados, no Instagram do Campus (@ifbaiano_lapa) dia 23\/04\/2020 \u00e0s 20 horas.<\/p>\n\n\n\n<figure class=\"wp-block-image size-large\"><img decoding=\"async\" loading=\"lazy\" width=\"960\" height=\"960\" src=\"https:\/\/www.ifbaiano.edu.br\/unidades\/lapa\/files\/2020\/04\/LIVE_23-04.jpg\" alt=\"\" class=\"wp-image-15750\" \/><\/figure>\n","protected":false},"excerpt":{"rendered":"<p>Convidamos a comunidade a participar desta importante live sobre orat\u00f3ria e dic\u00e7\u00e3o. Com nossos convidados, no Instagram do Campus (@ifbaiano_lapa) dia 23\/04\/2020 \u00e0s 20 horas.<\/p>\n","protected":false},"author":100,"featured_media":15750,"comment_status":"open","ping_status":"open","sticky":false,"template":"","format":"standard","meta":[],"categories":[64,30,24,40,65],"tags":[],"_links":{"self":[{"href":"https:\/\/www.ifbaiano.edu.br\/unidades\/lapa\/wp-json\/wp\/v2\/posts\/15749"}],"collection":[{"href":"https:\/\/www.ifbaiano.edu.br\/unidades\/lapa\/wp-json\/wp\/v2\/posts"}],"about":[{"href":"https:\/\/www.ifbaiano.edu.br\/unidades\/lapa\/wp-json\/wp\/v2\/types\/post"}],"author":[{"embeddable":true,"href":"https:\/\/www.ifbaiano.edu.br\/unidades\/lapa\/wp-json\/wp\/v2\/users\/100"}],"replies":[{"embeddable":true,"href":"https:\/\/www.ifbaiano.edu.br\/unidades\/lapa\/wp-json\/wp\/v2\/comments?post=15749"}],"version-history":[{"count":1,"href":"https:\/\/www.ifbaiano.edu.br\/unidades\/lapa\/wp-json\/wp\/v2\/posts\/15749\/revisions"}],"predecessor-version":[{"id":15751,"href":"https:\/\/www.ifbaiano.edu.br\/unidades\/lapa\/wp-json\/wp\/v2\/posts\/15749\/revisions\/15751"}],"wp:featuredmedia":[{"embeddable":true,"href":"https:\/\/www.ifbaiano.edu.br\/unidades\/lapa\/wp-json\/wp\/v2\/media\/15750"}],"wp:attachment":[{"href":"https:\/\/www.ifbaiano.edu.br\/unidades\/lapa\/wp-json\/wp\/v2\/media?parent=15749"}],"wp:term":[{"taxonomy":"category","embeddable":true,"href":"https:\/\/www.ifbaiano.edu.br\/unidades\/lapa\/wp-json\/wp\/v2\/categories?post=15749"},{"taxonomy":"post_tag","embeddable":true,"href":"https:\/\/www.ifbaiano.edu.br\/unidades\/lapa\/wp-json\/wp\/v2\/tags?post=15749"}],"curies":[{"name":"wp","href":"https:\/\/api.w.org\/{rel}","templated":true}]}}