{"id":15757,"date":"2020-04-24T17:46:14","date_gmt":"2020-04-24T20:46:14","guid":{"rendered":"https:\/\/www.ifbaiano.edu.br\/unidades\/lapa\/?p=15757"},"modified":"2020-04-24T17:46:14","modified_gmt":"2020-04-24T20:46:14","slug":"suspensao-do-cronograma-do-pibiex-2019","status":"publish","type":"post","link":"https:\/\/www.ifbaiano.edu.br\/unidades\/lapa\/2020\/04\/24\/suspensao-do-cronograma-do-pibiex-2019\/","title":{"rendered":"Suspens\u00e3o do cronograma do PIBIEX 2019"},"content":{"rendered":"\n<p>A PROEX divulgou nota sobre a suspens\u00e3o do cronograma do PIBIEX 2019. A nota est\u00e1 dispon\u00edvel no link:<\/p>\n<p><a href=\"https:\/\/ifbaiano.edu.br\/portal\/extensao\/normativas\/.\">Normativas de Extens\u00e3o (link externo).<\/a><\/p>\n","protected":false},"excerpt":{"rendered":"<p>A PROEX divulgou nota sobre a suspens\u00e3o do cronograma do PIBIEX 2019. A nota est\u00e1 dispon\u00edvel no link: Normativas de Extens\u00e3o (link externo).<\/p>\n","protected":false},"author":100,"featured_media":0,"comment_status":"open","ping_status":"open","sticky":false,"template":"","format":"standard","meta":[],"categories":[64,24,40,65],"tags":[],"_links":{"self":[{"href":"https:\/\/www.ifbaiano.edu.br\/unidades\/lapa\/wp-json\/wp\/v2\/posts\/15757"}],"collection":[{"href":"https:\/\/www.ifbaiano.edu.br\/unidades\/lapa\/wp-json\/wp\/v2\/posts"}],"about":[{"href":"https:\/\/www.ifbaiano.edu.br\/unidades\/lapa\/wp-json\/wp\/v2\/types\/post"}],"author":[{"embeddable":true,"href":"https:\/\/www.ifbaiano.edu.br\/unidades\/lapa\/wp-json\/wp\/v2\/users\/100"}],"replies":[{"embeddable":true,"href":"https:\/\/www.ifbaiano.edu.br\/unidades\/lapa\/wp-json\/wp\/v2\/comments?post=15757"}],"version-history":[{"count":5,"href":"https:\/\/www.ifbaiano.edu.br\/unidades\/lapa\/wp-json\/wp\/v2\/posts\/15757\/revisions"}],"predecessor-version":[{"id":15762,"href":"https:\/\/www.ifbaiano.edu.br\/unidades\/lapa\/wp-json\/wp\/v2\/posts\/15757\/revisions\/15762"}],"wp:attachment":[{"href":"https:\/\/www.ifbaiano.edu.br\/unidades\/lapa\/wp-json\/wp\/v2\/media?parent=15757"}],"wp:term":[{"taxonomy":"category","embeddable":true,"href":"https:\/\/www.ifbaiano.edu.br\/unidades\/lapa\/wp-json\/wp\/v2\/categories?post=15757"},{"taxonomy":"post_tag","embeddable":true,"href":"https:\/\/www.ifbaiano.edu.br\/unidades\/lapa\/wp-json\/wp\/v2\/tags?post=15757"}],"curies":[{"name":"wp","href":"https:\/\/api.w.org\/{rel}","templated":true}]}}