{"id":15772,"date":"2020-04-29T08:51:46","date_gmt":"2020-04-29T11:51:46","guid":{"rendered":"https:\/\/www.ifbaiano.edu.br\/unidades\/lapa\/?p=15772"},"modified":"2020-04-29T10:36:21","modified_gmt":"2020-04-29T13:36:21","slug":"live-no-instagram-com-psicologa","status":"publish","type":"post","link":"https:\/\/www.ifbaiano.edu.br\/unidades\/lapa\/2020\/04\/29\/live-no-instagram-com-psicologa\/","title":{"rendered":"Live no Instagram com Psicologa"},"content":{"rendered":"\n<p>Live no Instagram do Campus Bom Jesus da Lapa<\/p>\n\n\n\n<p><strong>TEMA<\/strong>: Distanciamento social: como fica a sa\u00fade mental?<\/p>\n\n\n\n<p><strong>Debatedora<\/strong>: Psic\u00f3loga Janara Teixeira<\/p>\n\n\n\n<p><strong>Mediadora<\/strong>: Prof. Eurileny Almeida<\/p>\n\n\n\n<p><strong>Atra\u00e7\u00e3o Cultural<\/strong>: Paulo Ara\u00fajo<\/p>\n\n\n\n<p><strong>Data<\/strong>: 30 de abril de 2020<\/p>\n\n\n\n<p><strong>Hor\u00e1rio<\/strong>: 20 horas<\/p>\n\n\n\n<figure class=\"wp-block-image size-large\"><img decoding=\"async\" loading=\"lazy\" width=\"1000\" height=\"1000\" src=\"https:\/\/www.ifbaiano.edu.br\/unidades\/lapa\/files\/2020\/04\/Live_Lapa_30-04-2020.jpeg\" alt=\"\" class=\"wp-image-15779\" \/><figcaption>Live Lapa 30-04-2020<\/figcaption><\/figure>\n","protected":false},"excerpt":{"rendered":"<p>Live no Instagram do Campus Bom Jesus da Lapa TEMA: Distanciamento social: como fica a sa\u00fade mental? Debatedora: Psic\u00f3loga Janara Teixeira Mediadora: Prof. Eurileny Almeida Atra\u00e7\u00e3o Cultural: Paulo Ara\u00fajo Data: 30 de abril de 2020 Hor\u00e1rio: 20 horas<\/p>\n","protected":false},"author":100,"featured_media":15779,"comment_status":"open","ping_status":"open","sticky":false,"template":"","format":"standard","meta":[],"categories":[64,30,24,40,65],"tags":[],"_links":{"self":[{"href":"https:\/\/www.ifbaiano.edu.br\/unidades\/lapa\/wp-json\/wp\/v2\/posts\/15772"}],"collection":[{"href":"https:\/\/www.ifbaiano.edu.br\/unidades\/lapa\/wp-json\/wp\/v2\/posts"}],"about":[{"href":"https:\/\/www.ifbaiano.edu.br\/unidades\/lapa\/wp-json\/wp\/v2\/types\/post"}],"author":[{"embeddable":true,"href":"https:\/\/www.ifbaiano.edu.br\/unidades\/lapa\/wp-json\/wp\/v2\/users\/100"}],"replies":[{"embeddable":true,"href":"https:\/\/www.ifbaiano.edu.br\/unidades\/lapa\/wp-json\/wp\/v2\/comments?post=15772"}],"version-history":[{"count":6,"href":"https:\/\/www.ifbaiano.edu.br\/unidades\/lapa\/wp-json\/wp\/v2\/posts\/15772\/revisions"}],"predecessor-version":[{"id":15781,"href":"https:\/\/www.ifbaiano.edu.br\/unidades\/lapa\/wp-json\/wp\/v2\/posts\/15772\/revisions\/15781"}],"wp:featuredmedia":[{"embeddable":true,"href":"https:\/\/www.ifbaiano.edu.br\/unidades\/lapa\/wp-json\/wp\/v2\/media\/15779"}],"wp:attachment":[{"href":"https:\/\/www.ifbaiano.edu.br\/unidades\/lapa\/wp-json\/wp\/v2\/media?parent=15772"}],"wp:term":[{"taxonomy":"category","embeddable":true,"href":"https:\/\/www.ifbaiano.edu.br\/unidades\/lapa\/wp-json\/wp\/v2\/categories?post=15772"},{"taxonomy":"post_tag","embeddable":true,"href":"https:\/\/www.ifbaiano.edu.br\/unidades\/lapa\/wp-json\/wp\/v2\/tags?post=15772"}],"curies":[{"name":"wp","href":"https:\/\/api.w.org\/{rel}","templated":true}]}}