{"id":15804,"date":"2020-05-02T12:45:45","date_gmt":"2020-05-02T15:45:45","guid":{"rendered":"https:\/\/www.ifbaiano.edu.br\/unidades\/lapa\/?p=15804"},"modified":"2020-05-02T12:45:45","modified_gmt":"2020-05-02T15:45:45","slug":"nota-de-pesar-pelo-falecimento-do-ex-aluno-eduardo-costa-dos-santos","status":"publish","type":"post","link":"https:\/\/www.ifbaiano.edu.br\/unidades\/lapa\/2020\/05\/02\/nota-de-pesar-pelo-falecimento-do-ex-aluno-eduardo-costa-dos-santos\/","title":{"rendered":"Nota de pesar pelo falecimento do ex-aluno Eduardo Costa dos Santos"},"content":{"rendered":"\n<p>O IF Baiano &#8211;&nbsp;<em>Campus<\/em>&nbsp;Bom Jesus da Lapa lamenta profundamente&nbsp;o falecimento de Eduardo Costa dos Santos, que concluiu o curso T\u00e9cnico em Agricultura, forma integrada, em 2018, nesta Institui\u00e7\u00e3o. <\/p>\n\n\n\n<p>Eduardo foi v\u00edtima de acidente de moto, ocorrido na \u00faltima sexta-feira (01\/05), na zona rural de Bom Jesus da Lapa.<br> <br> Expressamos nossas sinceras condol\u00eancias a seus familiares, colegas e amigos, por esta inestim\u00e1vel perda.<\/p>\n\n\n\n<figure class=\"wp-block-image size-large\"><img decoding=\"async\" loading=\"lazy\" width=\"960\" height=\"720\" src=\"https:\/\/www.ifbaiano.edu.br\/unidades\/lapa\/files\/2020\/05\/NOTA_DE_PESAR-falecimento_de_Eduardo_Costa_-_ex-aluno.png\" alt=\"\" class=\"wp-image-15806\" \/><figcaption>Nota de Pesar &#8211; falecimento de Eduardo Costa &#8211; ex-aluno<\/figcaption><\/figure>\n","protected":false},"excerpt":{"rendered":"<p>O IF Baiano &#8211;&nbsp;Campus&nbsp;Bom Jesus da Lapa lamenta profundamente&nbsp;o falecimento de Eduardo Costa dos Santos, que concluiu o curso T\u00e9cnico em Agricultura, forma integrada, em 2018, nesta Institui\u00e7\u00e3o. Eduardo foi v\u00edtima de acidente de moto, ocorrido na \u00faltima sexta-feira (01\/05), na zona rural de Bom Jesus da Lapa. Expressamos nossas sinceras condol\u00eancias a seus familiares, [&hellip;]<\/p>\n","protected":false},"author":100,"featured_media":15806,"comment_status":"open","ping_status":"open","sticky":false,"template":"","format":"standard","meta":[],"categories":[41,64,39,30,68,65],"tags":[],"_links":{"self":[{"href":"https:\/\/www.ifbaiano.edu.br\/unidades\/lapa\/wp-json\/wp\/v2\/posts\/15804"}],"collection":[{"href":"https:\/\/www.ifbaiano.edu.br\/unidades\/lapa\/wp-json\/wp\/v2\/posts"}],"about":[{"href":"https:\/\/www.ifbaiano.edu.br\/unidades\/lapa\/wp-json\/wp\/v2\/types\/post"}],"author":[{"embeddable":true,"href":"https:\/\/www.ifbaiano.edu.br\/unidades\/lapa\/wp-json\/wp\/v2\/users\/100"}],"replies":[{"embeddable":true,"href":"https:\/\/www.ifbaiano.edu.br\/unidades\/lapa\/wp-json\/wp\/v2\/comments?post=15804"}],"version-history":[{"count":1,"href":"https:\/\/www.ifbaiano.edu.br\/unidades\/lapa\/wp-json\/wp\/v2\/posts\/15804\/revisions"}],"predecessor-version":[{"id":15807,"href":"https:\/\/www.ifbaiano.edu.br\/unidades\/lapa\/wp-json\/wp\/v2\/posts\/15804\/revisions\/15807"}],"wp:featuredmedia":[{"embeddable":true,"href":"https:\/\/www.ifbaiano.edu.br\/unidades\/lapa\/wp-json\/wp\/v2\/media\/15806"}],"wp:attachment":[{"href":"https:\/\/www.ifbaiano.edu.br\/unidades\/lapa\/wp-json\/wp\/v2\/media?parent=15804"}],"wp:term":[{"taxonomy":"category","embeddable":true,"href":"https:\/\/www.ifbaiano.edu.br\/unidades\/lapa\/wp-json\/wp\/v2\/categories?post=15804"},{"taxonomy":"post_tag","embeddable":true,"href":"https:\/\/www.ifbaiano.edu.br\/unidades\/lapa\/wp-json\/wp\/v2\/tags?post=15804"}],"curies":[{"name":"wp","href":"https:\/\/api.w.org\/{rel}","templated":true}]}}