{"id":15813,"date":"2020-05-06T17:55:48","date_gmt":"2020-05-06T20:55:48","guid":{"rendered":"https:\/\/www.ifbaiano.edu.br\/unidades\/lapa\/?p=15813"},"modified":"2020-05-06T17:55:48","modified_gmt":"2020-05-06T20:55:48","slug":"live-sobre-epidemia-de-doencas-de-plantas-e-impactos-socioeconomicos","status":"publish","type":"post","link":"https:\/\/www.ifbaiano.edu.br\/unidades\/lapa\/2020\/05\/06\/live-sobre-epidemia-de-doencas-de-plantas-e-impactos-socioeconomicos\/","title":{"rendered":"Live Sobre Epidemia de doen\u00e7as de plantas e impactos socioecon\u00f4micos"},"content":{"rendered":"\n<p>Tema: Epidemia de doen\u00e7as de plantas e impactos socioecon\u00f4micos<\/p>\n\n\n\n<p>Local: Instagram do <em>Campus<\/em><\/p>\n\n\n\n<p>Data: 07 de maio<\/p>\n\n\n\n<p>Hor\u00e1rio: 20 horas<\/p>\n\n\n\n<p>Debatedor: Prof. Jesserson S\u00e1<\/p>\n\n\n\n<p>Mediadora: Rainne Dourado<\/p>\n\n\n\n<figure class=\"wp-block-image size-large\"><img decoding=\"async\" loading=\"lazy\" width=\"1080\" height=\"1080\" src=\"https:\/\/www.ifbaiano.edu.br\/unidades\/lapa\/files\/2020\/05\/live-lapa-07-05-2020.png\" alt=\"\" class=\"wp-image-15814\" \/><\/figure>\n","protected":false},"excerpt":{"rendered":"<p>Tema: Epidemia de doen\u00e7as de plantas e impactos socioecon\u00f4micos Local: Instagram do Campus Data: 07 de maio Hor\u00e1rio: 20 horas Debatedor: Prof. Jesserson S\u00e1 Mediadora: Rainne Dourado<\/p>\n","protected":false},"author":100,"featured_media":15814,"comment_status":"open","ping_status":"open","sticky":false,"template":"","format":"standard","meta":[],"categories":[64,30,24,40,65],"tags":[],"_links":{"self":[{"href":"https:\/\/www.ifbaiano.edu.br\/unidades\/lapa\/wp-json\/wp\/v2\/posts\/15813"}],"collection":[{"href":"https:\/\/www.ifbaiano.edu.br\/unidades\/lapa\/wp-json\/wp\/v2\/posts"}],"about":[{"href":"https:\/\/www.ifbaiano.edu.br\/unidades\/lapa\/wp-json\/wp\/v2\/types\/post"}],"author":[{"embeddable":true,"href":"https:\/\/www.ifbaiano.edu.br\/unidades\/lapa\/wp-json\/wp\/v2\/users\/100"}],"replies":[{"embeddable":true,"href":"https:\/\/www.ifbaiano.edu.br\/unidades\/lapa\/wp-json\/wp\/v2\/comments?post=15813"}],"version-history":[{"count":1,"href":"https:\/\/www.ifbaiano.edu.br\/unidades\/lapa\/wp-json\/wp\/v2\/posts\/15813\/revisions"}],"predecessor-version":[{"id":15815,"href":"https:\/\/www.ifbaiano.edu.br\/unidades\/lapa\/wp-json\/wp\/v2\/posts\/15813\/revisions\/15815"}],"wp:featuredmedia":[{"embeddable":true,"href":"https:\/\/www.ifbaiano.edu.br\/unidades\/lapa\/wp-json\/wp\/v2\/media\/15814"}],"wp:attachment":[{"href":"https:\/\/www.ifbaiano.edu.br\/unidades\/lapa\/wp-json\/wp\/v2\/media?parent=15813"}],"wp:term":[{"taxonomy":"category","embeddable":true,"href":"https:\/\/www.ifbaiano.edu.br\/unidades\/lapa\/wp-json\/wp\/v2\/categories?post=15813"},{"taxonomy":"post_tag","embeddable":true,"href":"https:\/\/www.ifbaiano.edu.br\/unidades\/lapa\/wp-json\/wp\/v2\/tags?post=15813"}],"curies":[{"name":"wp","href":"https:\/\/api.w.org\/{rel}","templated":true}]}}