{"id":1582,"date":"2013-12-05T09:24:36","date_gmt":"2013-12-05T11:24:36","guid":{"rendered":"http:\/\/www.ifbaiano.edu.br\/unidades\/lapa\/?p=1582"},"modified":"2013-12-07T01:07:19","modified_gmt":"2013-12-07T03:07:19","slug":"locais-de-prova-if-baiano-campus-bom-jesus-da-lapa","status":"publish","type":"post","link":"https:\/\/www.ifbaiano.edu.br\/unidades\/lapa\/2013\/12\/05\/locais-de-prova-if-baiano-campus-bom-jesus-da-lapa\/","title":{"rendered":"Locais de Prova &#8211; IF Baiano &#8211; Campus Bom Jesus da Lapa"},"content":{"rendered":"<p>Prezados Candidatos,<\/p>\n<p>Confiram a\u00a0rela\u00e7\u00e3o de locais de provas do Processo Seletivo 2014 do IF Baiano. Fiquem atentos, pois s\u00e3o 04 locais:<\/p>\n<p><!--more--><\/p>\n<p>Col\u00e9gio Estadual Monsenhor Tur\u00edbio Vilanova, Universidade do Estado da Bahia, Escola Municipal Nossa Senhora Aparecida e Instituto Federal Baiano &#8211; Campus Bom Jesus da Lapa.<\/p>\n<p>Acessem <a href=\"http:\/\/concurso.ifbaiano.edu.br\/portal\/discente20141\/wp-content\/uploads\/sites\/6\/2013\/12\/Enturmacao-Bom-Jesus-da-Lapa.pdf\">AQUI\u00a0<\/a>e confiram em quais desses espa\u00e7os ser\u00e1 a sua prova!<\/p>\n<p>N\u00e3o se esque\u00e7am que \u00e9 necess\u00e1rio levar documento oficial com foto e caneta azul ou preta (esferogr\u00e1fica). Chegue nos locais com no m\u00ednimo meia hora de anteced\u00eancia. As provas ter\u00e3o in\u00edcio \u00e0s 9:00 horas.<\/p>\n<p>Fonte: Comiss\u00e3o do Processo Seletivo<\/p>\n","protected":false},"excerpt":{"rendered":"<p>Prezados Candidatos, Confiram a\u00a0rela\u00e7\u00e3o de locais de provas do Processo Seletivo 2014 do IF Baiano. Fiquem atentos, pois s\u00e3o 04 locais:<\/p>\n","protected":false},"author":41,"featured_media":0,"comment_status":"open","ping_status":"open","sticky":false,"template":"","format":"standard","meta":[],"categories":[39],"tags":[],"_links":{"self":[{"href":"https:\/\/www.ifbaiano.edu.br\/unidades\/lapa\/wp-json\/wp\/v2\/posts\/1582"}],"collection":[{"href":"https:\/\/www.ifbaiano.edu.br\/unidades\/lapa\/wp-json\/wp\/v2\/posts"}],"about":[{"href":"https:\/\/www.ifbaiano.edu.br\/unidades\/lapa\/wp-json\/wp\/v2\/types\/post"}],"author":[{"embeddable":true,"href":"https:\/\/www.ifbaiano.edu.br\/unidades\/lapa\/wp-json\/wp\/v2\/users\/41"}],"replies":[{"embeddable":true,"href":"https:\/\/www.ifbaiano.edu.br\/unidades\/lapa\/wp-json\/wp\/v2\/comments?post=1582"}],"version-history":[{"count":6,"href":"https:\/\/www.ifbaiano.edu.br\/unidades\/lapa\/wp-json\/wp\/v2\/posts\/1582\/revisions"}],"predecessor-version":[{"id":1585,"href":"https:\/\/www.ifbaiano.edu.br\/unidades\/lapa\/wp-json\/wp\/v2\/posts\/1582\/revisions\/1585"}],"wp:attachment":[{"href":"https:\/\/www.ifbaiano.edu.br\/unidades\/lapa\/wp-json\/wp\/v2\/media?parent=1582"}],"wp:term":[{"taxonomy":"category","embeddable":true,"href":"https:\/\/www.ifbaiano.edu.br\/unidades\/lapa\/wp-json\/wp\/v2\/categories?post=1582"},{"taxonomy":"post_tag","embeddable":true,"href":"https:\/\/www.ifbaiano.edu.br\/unidades\/lapa\/wp-json\/wp\/v2\/tags?post=1582"}],"curies":[{"name":"wp","href":"https:\/\/api.w.org\/{rel}","templated":true}]}}