{"id":15821,"date":"2020-05-07T11:25:53","date_gmt":"2020-05-07T14:25:53","guid":{"rendered":"https:\/\/www.ifbaiano.edu.br\/unidades\/lapa\/?p=15821"},"modified":"2021-07-15T16:37:48","modified_gmt":"2021-07-15T19:37:48","slug":"nota-informativa-central-de-atendimento","status":"publish","type":"post","link":"https:\/\/www.ifbaiano.edu.br\/unidades\/lapa\/2020\/05\/07\/nota-informativa-central-de-atendimento\/","title":{"rendered":"Nota Informativa &#8211; Central de Atendimento"},"content":{"rendered":"\n<p>O Instituto Federal Baiano \u2013 Campus Bom Jesus da Lapa, ciente do seu compromisso social diante do atual o quadro de emerg\u00eancia de sa\u00fade p\u00fablica em raz\u00e3o da pandemia causada pela COVID-19, torna p\u00fablico a Central de Atendimento. Este importante meio de comunica\u00e7\u00e3o tem como objetivo aumentar a presta\u00e7\u00e3o de servi\u00e7o junto \u00e0 comunidade, atrav\u00e9s de atendimentos especializados com os profissionais do Campus, al\u00e9m de orienta\u00e7\u00f5es, d\u00favidas e esclarecimentos sobre atividades remotas e presenciais ofertadas durante este per\u00edodo.<\/p>\n\n\n\n<p>Hor\u00e1rio de Atendimento: Segunda a sexta das 8h:00min as 11h:30min<br> 77 98106-8492 \/ 77 99102-0097 &#8211; Dire\u00e7\u00e3o Administrativa &#8211; Licita\u00e7\u00e3o \/ Contratos \/ Pagamentos Diversos<br>77 98102-6301 \/ 77 99174-8581 &#8211; Dire\u00e7\u00e3o Geral &#8211; Protocolo \/ Funcionamento do Campus durante pandemia Covid-19 \/ Atendimento Remoto \/ Atividades Essenciais<br> 77 99126-7643 &#8211; Dire\u00e7\u00e3o Acad\u00eamica \/ Coordena\u00e7\u00e3o de Ensino &#8211; Orienta\u00e7\u00f5es de estudos<br> 77 98105-2038 &#8211; Secretaria &#8211; Certifica\u00e7\u00e3o \/ Transfer\u00eancia \/ Documenta\u00e7\u00e3o<br> 77 98101-4162 \/ 77 99101-0253 &#8211; CAE &#8211; Bolsas \/ Aux\u00edlios \/ Kit Alimenta\u00e7\u00e3o \/ Atendimento Psicol\u00f3gico e Social \/ Promo\u00e7\u00e3o de Sa\u00fade<\/p>\n\n\n\n<figure class=\"wp-block-image size-large\"><img decoding=\"async\" loading=\"lazy\" width=\"1080\" height=\"1080\" src=\"https:\/\/www.ifbaiano.edu.br\/unidades\/lapa\/files\/2020\/05\/Central_de_Atendimento.jpeg\" alt=\"\" class=\"wp-image-15822\" \/><\/figure>\n","protected":false},"excerpt":{"rendered":"<p>O Instituto Federal Baiano \u2013 Campus Bom Jesus da Lapa, ciente do seu compromisso social diante do atual o quadro de emerg\u00eancia de sa\u00fade p\u00fablica em raz\u00e3o da pandemia causada pela COVID-19, torna p\u00fablico a Central de Atendimento. Este importante meio de comunica\u00e7\u00e3o tem como objetivo aumentar a presta\u00e7\u00e3o de servi\u00e7o junto \u00e0 comunidade, atrav\u00e9s [&hellip;]<\/p>\n","protected":false},"author":100,"featured_media":15822,"comment_status":"open","ping_status":"open","sticky":false,"template":"","format":"standard","meta":[],"categories":[64,30,24,65],"tags":[],"_links":{"self":[{"href":"https:\/\/www.ifbaiano.edu.br\/unidades\/lapa\/wp-json\/wp\/v2\/posts\/15821"}],"collection":[{"href":"https:\/\/www.ifbaiano.edu.br\/unidades\/lapa\/wp-json\/wp\/v2\/posts"}],"about":[{"href":"https:\/\/www.ifbaiano.edu.br\/unidades\/lapa\/wp-json\/wp\/v2\/types\/post"}],"author":[{"embeddable":true,"href":"https:\/\/www.ifbaiano.edu.br\/unidades\/lapa\/wp-json\/wp\/v2\/users\/100"}],"replies":[{"embeddable":true,"href":"https:\/\/www.ifbaiano.edu.br\/unidades\/lapa\/wp-json\/wp\/v2\/comments?post=15821"}],"version-history":[{"count":4,"href":"https:\/\/www.ifbaiano.edu.br\/unidades\/lapa\/wp-json\/wp\/v2\/posts\/15821\/revisions"}],"predecessor-version":[{"id":20399,"href":"https:\/\/www.ifbaiano.edu.br\/unidades\/lapa\/wp-json\/wp\/v2\/posts\/15821\/revisions\/20399"}],"wp:featuredmedia":[{"embeddable":true,"href":"https:\/\/www.ifbaiano.edu.br\/unidades\/lapa\/wp-json\/wp\/v2\/media\/15822"}],"wp:attachment":[{"href":"https:\/\/www.ifbaiano.edu.br\/unidades\/lapa\/wp-json\/wp\/v2\/media?parent=15821"}],"wp:term":[{"taxonomy":"category","embeddable":true,"href":"https:\/\/www.ifbaiano.edu.br\/unidades\/lapa\/wp-json\/wp\/v2\/categories?post=15821"},{"taxonomy":"post_tag","embeddable":true,"href":"https:\/\/www.ifbaiano.edu.br\/unidades\/lapa\/wp-json\/wp\/v2\/tags?post=15821"}],"curies":[{"name":"wp","href":"https:\/\/api.w.org\/{rel}","templated":true}]}}