{"id":15826,"date":"2020-05-08T15:30:56","date_gmt":"2020-05-08T18:30:56","guid":{"rendered":"https:\/\/www.ifbaiano.edu.br\/unidades\/lapa\/?p=15826"},"modified":"2020-05-15T13:23:39","modified_gmt":"2020-05-15T16:23:39","slug":"bate-papo-pesquisas-educacionais-em-tempos-de-isolamento-social","status":"publish","type":"post","link":"https:\/\/www.ifbaiano.edu.br\/unidades\/lapa\/2020\/05\/08\/bate-papo-pesquisas-educacionais-em-tempos-de-isolamento-social\/","title":{"rendered":"Bate Papo: Pesquisas Educacionais em tempos de isolamento social"},"content":{"rendered":"\n<p>O Bate Papo [on line] tem como objetivo aproximar ainda mais dos estudantes da P\u00f3s-gradua\u00e7\u00e3o do IF, al\u00e9m de divulgar as a\u00e7\u00f5es de pesquisas educacionais desenvolvidas em nossa Institui\u00e7\u00e3o. Este encontro ser\u00e1 uma oportunidade para esclarecer d\u00favidas e realizar orienta\u00e7\u00f5es coletivas acerca das reconfigura\u00e7\u00f5es de pesquisas qualitativas em tempos pand\u00eamicos.<br>Esperamos que esta iniciativa seja um canal de escuta e de est\u00edmulo aos participantes para se manterem em casa nesse momento dif\u00edcil da pandemia.<\/p>\n\n\n\n<p>Tema: Pesquisas Educacionais em tempos de isolamento social<br> Data: 15\/05\/2020<br> Hor\u00e1rio: 19h<br> Participantes:<br> Prof. Edi\u00eanio Farias<br> Prof\u00aa Cl\u00e9lia Gomes<br> Mediadora: Grace Itana<br>Realiza\u00e7\u00e3o: Especializa\u00e7\u00e3o em Educa\u00e7\u00e3o Matem\u00e1tica Campus Bom Jesus da Lapa<br>Acesso: <a href=\"https:\/\/conferenciaweb.rnp.br\/webconf\/grace-itana-cruz-de-oliveira\" target=\"_blank\" rel=\"noopener noreferrer\">https:\/\/conferenciaweb.rnp.br\/webconf\/grace-itana-cruz-de-oliveira (p\u00e1gina externa em outra aba)<\/a><\/p>\n\n\n\n<figure class=\"wp-block-image size-large\"><img decoding=\"async\" loading=\"lazy\" width=\"767\" height=\"1067\" src=\"https:\/\/www.ifbaiano.edu.br\/unidades\/lapa\/files\/2020\/05\/bate_papo_matematica.jpeg\" alt=\"\" class=\"wp-image-15853\" \/><\/figure>\n\n\n\n<p>Fonte: Coordena\u00e7\u00e3o do Curso de Especializa\u00e7\u00e3o em Educa\u00e7\u00e3o Matem\u00e1tica<\/p>\n","protected":false},"excerpt":{"rendered":"<p>O Bate Papo [on line] tem como objetivo aproximar ainda mais dos estudantes da P\u00f3s-gradua\u00e7\u00e3o do IF, al\u00e9m de divulgar as a\u00e7\u00f5es de pesquisas educacionais desenvolvidas em nossa Institui\u00e7\u00e3o. Este encontro ser\u00e1 uma oportunidade para esclarecer d\u00favidas e realizar orienta\u00e7\u00f5es coletivas acerca das reconfigura\u00e7\u00f5es de pesquisas qualitativas em tempos pand\u00eamicos.Esperamos que esta iniciativa seja um [&hellip;]<\/p>\n","protected":false},"author":100,"featured_media":15853,"comment_status":"open","ping_status":"open","sticky":false,"template":"","format":"standard","meta":[],"categories":[41,64,71,24,40,65],"tags":[],"_links":{"self":[{"href":"https:\/\/www.ifbaiano.edu.br\/unidades\/lapa\/wp-json\/wp\/v2\/posts\/15826"}],"collection":[{"href":"https:\/\/www.ifbaiano.edu.br\/unidades\/lapa\/wp-json\/wp\/v2\/posts"}],"about":[{"href":"https:\/\/www.ifbaiano.edu.br\/unidades\/lapa\/wp-json\/wp\/v2\/types\/post"}],"author":[{"embeddable":true,"href":"https:\/\/www.ifbaiano.edu.br\/unidades\/lapa\/wp-json\/wp\/v2\/users\/100"}],"replies":[{"embeddable":true,"href":"https:\/\/www.ifbaiano.edu.br\/unidades\/lapa\/wp-json\/wp\/v2\/comments?post=15826"}],"version-history":[{"count":14,"href":"https:\/\/www.ifbaiano.edu.br\/unidades\/lapa\/wp-json\/wp\/v2\/posts\/15826\/revisions"}],"predecessor-version":[{"id":15862,"href":"https:\/\/www.ifbaiano.edu.br\/unidades\/lapa\/wp-json\/wp\/v2\/posts\/15826\/revisions\/15862"}],"wp:featuredmedia":[{"embeddable":true,"href":"https:\/\/www.ifbaiano.edu.br\/unidades\/lapa\/wp-json\/wp\/v2\/media\/15853"}],"wp:attachment":[{"href":"https:\/\/www.ifbaiano.edu.br\/unidades\/lapa\/wp-json\/wp\/v2\/media?parent=15826"}],"wp:term":[{"taxonomy":"category","embeddable":true,"href":"https:\/\/www.ifbaiano.edu.br\/unidades\/lapa\/wp-json\/wp\/v2\/categories?post=15826"},{"taxonomy":"post_tag","embeddable":true,"href":"https:\/\/www.ifbaiano.edu.br\/unidades\/lapa\/wp-json\/wp\/v2\/tags?post=15826"}],"curies":[{"name":"wp","href":"https:\/\/api.w.org\/{rel}","templated":true}]}}