{"id":15834,"date":"2020-05-11T13:20:42","date_gmt":"2020-05-11T16:20:42","guid":{"rendered":"https:\/\/www.ifbaiano.edu.br\/unidades\/lapa\/?p=15834"},"modified":"2020-05-11T13:20:42","modified_gmt":"2020-05-11T16:20:42","slug":"live-sobre-seguranca-do-trabalho-rural","status":"publish","type":"post","link":"https:\/\/www.ifbaiano.edu.br\/unidades\/lapa\/2020\/05\/11\/live-sobre-seguranca-do-trabalho-rural\/","title":{"rendered":"Live sobre Seguran\u00e7a do trabalho rural"},"content":{"rendered":"\n<p><strong>Tema<\/strong>:\u00a0\u00a0Seguran\u00e7a do trabalho rural<\/p>\n\n\n\n<p><strong>Local:<\/strong> Instagram do <em>Campus<\/em><\/p>\n\n\n\n<p> <strong>Data:<\/strong>\u00a012 de maio<\/p>\n\n\n\n<p><strong>Hor\u00e1rio:<\/strong> 20 horas  <\/p>\n\n\n\n<p><strong>Debatedor<\/strong>: Prof. Alex Leal<\/p>\n\n\n\n<p><strong>Mediadora<\/strong>: Terezinha do Carmo<\/p>\n\n\n\n<p><strong>Participa\u00e7\u00e3o cultural<\/strong>: prof. Leonardo Gomes<\/p>\n\n\n\n<figure class=\"wp-block-image size-large\"><img decoding=\"async\" loading=\"lazy\" width=\"1080\" height=\"1080\" src=\"https:\/\/www.ifbaiano.edu.br\/unidades\/lapa\/files\/2020\/05\/live-lapa-seguranca-trabalho-rural-12-maio-2020.png\" alt=\"\" class=\"wp-image-15835\" \/><\/figure>\n","protected":false},"excerpt":{"rendered":"<p>Tema:\u00a0\u00a0Seguran\u00e7a do trabalho rural Local: Instagram do Campus Data:\u00a012 de maio Hor\u00e1rio: 20 horas Debatedor: Prof. Alex Leal Mediadora: Terezinha do Carmo Participa\u00e7\u00e3o cultural: prof. Leonardo Gomes<\/p>\n","protected":false},"author":100,"featured_media":15835,"comment_status":"open","ping_status":"open","sticky":false,"template":"","format":"standard","meta":[],"categories":[41,64,30,24,40,65],"tags":[],"_links":{"self":[{"href":"https:\/\/www.ifbaiano.edu.br\/unidades\/lapa\/wp-json\/wp\/v2\/posts\/15834"}],"collection":[{"href":"https:\/\/www.ifbaiano.edu.br\/unidades\/lapa\/wp-json\/wp\/v2\/posts"}],"about":[{"href":"https:\/\/www.ifbaiano.edu.br\/unidades\/lapa\/wp-json\/wp\/v2\/types\/post"}],"author":[{"embeddable":true,"href":"https:\/\/www.ifbaiano.edu.br\/unidades\/lapa\/wp-json\/wp\/v2\/users\/100"}],"replies":[{"embeddable":true,"href":"https:\/\/www.ifbaiano.edu.br\/unidades\/lapa\/wp-json\/wp\/v2\/comments?post=15834"}],"version-history":[{"count":1,"href":"https:\/\/www.ifbaiano.edu.br\/unidades\/lapa\/wp-json\/wp\/v2\/posts\/15834\/revisions"}],"predecessor-version":[{"id":15836,"href":"https:\/\/www.ifbaiano.edu.br\/unidades\/lapa\/wp-json\/wp\/v2\/posts\/15834\/revisions\/15836"}],"wp:featuredmedia":[{"embeddable":true,"href":"https:\/\/www.ifbaiano.edu.br\/unidades\/lapa\/wp-json\/wp\/v2\/media\/15835"}],"wp:attachment":[{"href":"https:\/\/www.ifbaiano.edu.br\/unidades\/lapa\/wp-json\/wp\/v2\/media?parent=15834"}],"wp:term":[{"taxonomy":"category","embeddable":true,"href":"https:\/\/www.ifbaiano.edu.br\/unidades\/lapa\/wp-json\/wp\/v2\/categories?post=15834"},{"taxonomy":"post_tag","embeddable":true,"href":"https:\/\/www.ifbaiano.edu.br\/unidades\/lapa\/wp-json\/wp\/v2\/tags?post=15834"}],"curies":[{"name":"wp","href":"https:\/\/api.w.org\/{rel}","templated":true}]}}