{"id":15839,"date":"2020-05-12T14:48:08","date_gmt":"2020-05-12T17:48:08","guid":{"rendered":"https:\/\/www.ifbaiano.edu.br\/unidades\/lapa\/?p=15839"},"modified":"2020-05-12T14:53:22","modified_gmt":"2020-05-12T17:53:22","slug":"enem-2020","status":"publish","type":"post","link":"https:\/\/www.ifbaiano.edu.br\/unidades\/lapa\/2020\/05\/12\/enem-2020\/","title":{"rendered":"ENEM 2020"},"content":{"rendered":"\n<p> As inscri\u00e7\u00f5es para o ENEM 2020 est\u00e3o abertas e v\u00e3o at\u00e9 o dia 22\/05<br>Acesso para mais informa\u00e7\u00e3o<br> P\u00e1gina do participante &#8211; <a rel=\"noreferrer noopener\" aria-label=\"https:\/\/enem.inep.gov.br\/ (abre numa nova aba)\" href=\"https:\/\/enem.inep.gov.br\/\" target=\"_blank\">https:\/\/enem.inep.gov.br\/(link para p\u00e1gina externa &#8211; abre em nova aba)<\/a><br>Aplicativo do ENEM<br>Site do INEP &#8211; <a rel=\"noreferrer noopener\" aria-label=\"http:\/\/inep.gov.br\/ (abre numa nova aba)\" href=\"http:\/\/inep.gov.br\/\" target=\"_blank\">http:\/\/inep.gov.br\/(link para p\u00e1gina externa &#8211; abre em nova aba)<\/a><\/p>\n\n\n\n<figure class=\"wp-block-image size-large\"><img decoding=\"async\" loading=\"lazy\" width=\"1280\" height=\"720\" src=\"https:\/\/www.ifbaiano.edu.br\/unidades\/lapa\/files\/2020\/05\/ENEM_2020.jpeg\" alt=\"\" class=\"wp-image-15841\" \/><\/figure>\n","protected":false},"excerpt":{"rendered":"<p>As inscri\u00e7\u00f5es para o ENEM 2020 est\u00e3o abertas e v\u00e3o at\u00e9 o dia 22\/05Acesso para mais informa\u00e7\u00e3o P\u00e1gina do participante &#8211; https:\/\/enem.inep.gov.br\/(link para p\u00e1gina externa &#8211; abre em nova aba)Aplicativo do ENEMSite do INEP &#8211; http:\/\/inep.gov.br\/(link para p\u00e1gina externa &#8211; abre em nova aba)<\/p>\n","protected":false},"author":100,"featured_media":15841,"comment_status":"open","ping_status":"open","sticky":false,"template":"","format":"standard","meta":[],"categories":[64,39,24,65],"tags":[],"_links":{"self":[{"href":"https:\/\/www.ifbaiano.edu.br\/unidades\/lapa\/wp-json\/wp\/v2\/posts\/15839"}],"collection":[{"href":"https:\/\/www.ifbaiano.edu.br\/unidades\/lapa\/wp-json\/wp\/v2\/posts"}],"about":[{"href":"https:\/\/www.ifbaiano.edu.br\/unidades\/lapa\/wp-json\/wp\/v2\/types\/post"}],"author":[{"embeddable":true,"href":"https:\/\/www.ifbaiano.edu.br\/unidades\/lapa\/wp-json\/wp\/v2\/users\/100"}],"replies":[{"embeddable":true,"href":"https:\/\/www.ifbaiano.edu.br\/unidades\/lapa\/wp-json\/wp\/v2\/comments?post=15839"}],"version-history":[{"count":5,"href":"https:\/\/www.ifbaiano.edu.br\/unidades\/lapa\/wp-json\/wp\/v2\/posts\/15839\/revisions"}],"predecessor-version":[{"id":15845,"href":"https:\/\/www.ifbaiano.edu.br\/unidades\/lapa\/wp-json\/wp\/v2\/posts\/15839\/revisions\/15845"}],"wp:featuredmedia":[{"embeddable":true,"href":"https:\/\/www.ifbaiano.edu.br\/unidades\/lapa\/wp-json\/wp\/v2\/media\/15841"}],"wp:attachment":[{"href":"https:\/\/www.ifbaiano.edu.br\/unidades\/lapa\/wp-json\/wp\/v2\/media?parent=15839"}],"wp:term":[{"taxonomy":"category","embeddable":true,"href":"https:\/\/www.ifbaiano.edu.br\/unidades\/lapa\/wp-json\/wp\/v2\/categories?post=15839"},{"taxonomy":"post_tag","embeddable":true,"href":"https:\/\/www.ifbaiano.edu.br\/unidades\/lapa\/wp-json\/wp\/v2\/tags?post=15839"}],"curies":[{"name":"wp","href":"https:\/\/api.w.org\/{rel}","templated":true}]}}