{"id":15846,"date":"2020-05-12T18:28:21","date_gmt":"2020-05-12T21:28:21","guid":{"rendered":"https:\/\/www.ifbaiano.edu.br\/unidades\/lapa\/?p=15846"},"modified":"2020-05-12T18:28:21","modified_gmt":"2020-05-12T21:28:21","slug":"cancelamento-de-live-sobre-seguranca-do-trabalho-rural","status":"publish","type":"post","link":"https:\/\/www.ifbaiano.edu.br\/unidades\/lapa\/2020\/05\/12\/cancelamento-de-live-sobre-seguranca-do-trabalho-rural\/","title":{"rendered":"Cancelamento de Live sobre Seguran\u00e7a do trabalho rural"},"content":{"rendered":"\n<p>Devido a problemas t\u00e9cnicos a live &#8220;Seguran\u00e7a do trabalho rural&#8221; n\u00e3o poder\u00e1 ocorrer no dia 12\/05\/2020, a mesma ser\u00e1 reagendada. <\/p>\n\n\n\n<p>O IF Baiano e  a equipe do projeto de extens\u00e3o &#8220;O local reflete no global&#8221; agradece a compreens\u00e3o de todos.<\/p>\n\n\n\n<figure class=\"wp-block-image size-large\"><img decoding=\"async\" loading=\"lazy\" width=\"1080\" height=\"1080\" src=\"https:\/\/www.ifbaiano.edu.br\/unidades\/lapa\/files\/2020\/05\/live-lapa-seguranca-trabalho-rural-12-maio-2020_CANCELADA.png\" alt=\"\" class=\"wp-image-15847\" \/><\/figure>\n","protected":false},"excerpt":{"rendered":"<p>Devido a problemas t\u00e9cnicos a live &#8220;Seguran\u00e7a do trabalho rural&#8221; n\u00e3o poder\u00e1 ocorrer no dia 12\/05\/2020, a mesma ser\u00e1 reagendada. O IF Baiano e a equipe do projeto de extens\u00e3o &#8220;O local reflete no global&#8221; agradece a compreens\u00e3o de todos.<\/p>\n","protected":false},"author":100,"featured_media":15847,"comment_status":"open","ping_status":"open","sticky":false,"template":"","format":"standard","meta":[],"categories":[64,30,24,40,65],"tags":[],"_links":{"self":[{"href":"https:\/\/www.ifbaiano.edu.br\/unidades\/lapa\/wp-json\/wp\/v2\/posts\/15846"}],"collection":[{"href":"https:\/\/www.ifbaiano.edu.br\/unidades\/lapa\/wp-json\/wp\/v2\/posts"}],"about":[{"href":"https:\/\/www.ifbaiano.edu.br\/unidades\/lapa\/wp-json\/wp\/v2\/types\/post"}],"author":[{"embeddable":true,"href":"https:\/\/www.ifbaiano.edu.br\/unidades\/lapa\/wp-json\/wp\/v2\/users\/100"}],"replies":[{"embeddable":true,"href":"https:\/\/www.ifbaiano.edu.br\/unidades\/lapa\/wp-json\/wp\/v2\/comments?post=15846"}],"version-history":[{"count":1,"href":"https:\/\/www.ifbaiano.edu.br\/unidades\/lapa\/wp-json\/wp\/v2\/posts\/15846\/revisions"}],"predecessor-version":[{"id":15848,"href":"https:\/\/www.ifbaiano.edu.br\/unidades\/lapa\/wp-json\/wp\/v2\/posts\/15846\/revisions\/15848"}],"wp:featuredmedia":[{"embeddable":true,"href":"https:\/\/www.ifbaiano.edu.br\/unidades\/lapa\/wp-json\/wp\/v2\/media\/15847"}],"wp:attachment":[{"href":"https:\/\/www.ifbaiano.edu.br\/unidades\/lapa\/wp-json\/wp\/v2\/media?parent=15846"}],"wp:term":[{"taxonomy":"category","embeddable":true,"href":"https:\/\/www.ifbaiano.edu.br\/unidades\/lapa\/wp-json\/wp\/v2\/categories?post=15846"},{"taxonomy":"post_tag","embeddable":true,"href":"https:\/\/www.ifbaiano.edu.br\/unidades\/lapa\/wp-json\/wp\/v2\/tags?post=15846"}],"curies":[{"name":"wp","href":"https:\/\/api.w.org\/{rel}","templated":true}]}}