{"id":15849,"date":"2020-05-13T15:11:24","date_gmt":"2020-05-13T18:11:24","guid":{"rendered":"https:\/\/www.ifbaiano.edu.br\/unidades\/lapa\/?p=15849"},"modified":"2020-05-13T15:11:24","modified_gmt":"2020-05-13T18:11:24","slug":"live-sobre-utilizacao-higienizacao-e-protecao-das-mascaras","status":"publish","type":"post","link":"https:\/\/www.ifbaiano.edu.br\/unidades\/lapa\/2020\/05\/13\/live-sobre-utilizacao-higienizacao-e-protecao-das-mascaras\/","title":{"rendered":"Live sobre Utiliza\u00e7\u00e3o, higieniza\u00e7\u00e3o e prote\u00e7\u00e3o das m\u00e1scaras"},"content":{"rendered":"\n<p>Tema: Utiliza\u00e7\u00e3o, higieniza\u00e7\u00e3o e prote\u00e7\u00e3o das m\u00e1scaras<br> Local: Instagram do Campus<br> Data: 14 de maio<br> Hor\u00e1rio: 20 horas<br> Debatedor: Rodrigo Stolze &#8211; Enfermeiro<br> Tradu\u00e7\u00e3o em Libras: Luciana Cardial e Juliana Schmidt<\/p>\n\n\n\n<figure class=\"wp-block-image size-large\"><img decoding=\"async\" loading=\"lazy\" width=\"1080\" height=\"1080\" src=\"https:\/\/www.ifbaiano.edu.br\/unidades\/lapa\/files\/2020\/05\/live-lapa-14-maio-2020.png\" alt=\"\" class=\"wp-image-15850\" \/><\/figure>\n","protected":false},"excerpt":{"rendered":"<p>Tema: Utiliza\u00e7\u00e3o, higieniza\u00e7\u00e3o e prote\u00e7\u00e3o das m\u00e1scaras Local: Instagram do Campus Data: 14 de maio Hor\u00e1rio: 20 horas Debatedor: Rodrigo Stolze &#8211; Enfermeiro Tradu\u00e7\u00e3o em Libras: Luciana Cardial e Juliana Schmidt<\/p>\n","protected":false},"author":100,"featured_media":15850,"comment_status":"open","ping_status":"open","sticky":false,"template":"","format":"standard","meta":[],"categories":[64,24,40,65],"tags":[],"_links":{"self":[{"href":"https:\/\/www.ifbaiano.edu.br\/unidades\/lapa\/wp-json\/wp\/v2\/posts\/15849"}],"collection":[{"href":"https:\/\/www.ifbaiano.edu.br\/unidades\/lapa\/wp-json\/wp\/v2\/posts"}],"about":[{"href":"https:\/\/www.ifbaiano.edu.br\/unidades\/lapa\/wp-json\/wp\/v2\/types\/post"}],"author":[{"embeddable":true,"href":"https:\/\/www.ifbaiano.edu.br\/unidades\/lapa\/wp-json\/wp\/v2\/users\/100"}],"replies":[{"embeddable":true,"href":"https:\/\/www.ifbaiano.edu.br\/unidades\/lapa\/wp-json\/wp\/v2\/comments?post=15849"}],"version-history":[{"count":1,"href":"https:\/\/www.ifbaiano.edu.br\/unidades\/lapa\/wp-json\/wp\/v2\/posts\/15849\/revisions"}],"predecessor-version":[{"id":15851,"href":"https:\/\/www.ifbaiano.edu.br\/unidades\/lapa\/wp-json\/wp\/v2\/posts\/15849\/revisions\/15851"}],"wp:featuredmedia":[{"embeddable":true,"href":"https:\/\/www.ifbaiano.edu.br\/unidades\/lapa\/wp-json\/wp\/v2\/media\/15850"}],"wp:attachment":[{"href":"https:\/\/www.ifbaiano.edu.br\/unidades\/lapa\/wp-json\/wp\/v2\/media?parent=15849"}],"wp:term":[{"taxonomy":"category","embeddable":true,"href":"https:\/\/www.ifbaiano.edu.br\/unidades\/lapa\/wp-json\/wp\/v2\/categories?post=15849"},{"taxonomy":"post_tag","embeddable":true,"href":"https:\/\/www.ifbaiano.edu.br\/unidades\/lapa\/wp-json\/wp\/v2\/tags?post=15849"}],"curies":[{"name":"wp","href":"https:\/\/api.w.org\/{rel}","templated":true}]}}