{"id":15863,"date":"2020-05-15T15:49:20","date_gmt":"2020-05-15T18:49:20","guid":{"rendered":"https:\/\/www.ifbaiano.edu.br\/unidades\/lapa\/?p=15863"},"modified":"2020-05-15T16:46:28","modified_gmt":"2020-05-15T19:46:28","slug":"resultado-final-auxilio-emergencial","status":"publish","type":"post","link":"https:\/\/www.ifbaiano.edu.br\/unidades\/lapa\/2020\/05\/15\/resultado-final-auxilio-emergencial\/","title":{"rendered":"Resultado Final Aux\u00edlio Emergencial"},"content":{"rendered":"\n<p>O diretor-geral do IF Baiano &#8211;\u00a0<em>Campus<\/em>\u00a0Bom Jesus da Lapa torna o p\u00fablico o resultado final da sele\u00e7\u00e3o de estudantes para o Aux\u00edlio Emergencial,\u00a0\u00a0em raz\u00e3o da pandemia causada pela Covid-19, autorizado conforme Resolu\u00e7\u00e3o CONSUP n\u00ba 65\/2020, de\u00a027 de abril\u00a0de 2020.\u00a0<\/p>\n\n\n\n<p> A sele\u00e7\u00e3o foi realizada pela Comiss\u00e3o Local de Assist\u00eancia Estudantil e o resultado final foi homologado pela dire\u00e7\u00e3o-geral\u00a0atrav\u00e9s da\u00a0Portaria 27\/2020, de\u00a015 de maio\u00a0de 2020. <\/p>\n\n\n\n<div class=\"wp-block-file\"><a href=\"https:\/\/www.ifbaiano.edu.br\/unidades\/lapa\/files\/2020\/05\/Resultado_Final-Auxilio_Emergencial.pdf\">Resultado Final &#8211; Aux\u00edlio Emergencial<\/a><\/div>\n\n\n\n<div class=\"wp-block-file\"><a href=\"https:\/\/www.ifbaiano.edu.br\/unidades\/lapa\/files\/2020\/05\/PORTARIA-27_2020.pdf\">PORTARIA 27\/2020 &#8211; BJL-GAB &#8211; Disp\u00f5e sobre a Homologa\u00e7\u00e3o do Resultado Final da Sele\u00e7\u00e3o de Estudantes ao Aux\u00edlio Emergencial,  em raz\u00e3o da pandemia causada pela COVID-19<\/a><\/div>\n","protected":false},"excerpt":{"rendered":"<p>O diretor-geral do IF Baiano &#8211;\u00a0Campus\u00a0Bom Jesus da Lapa torna o p\u00fablico o resultado final da sele\u00e7\u00e3o de estudantes para o Aux\u00edlio Emergencial,\u00a0\u00a0em raz\u00e3o da pandemia causada pela Covid-19, autorizado conforme Resolu\u00e7\u00e3o CONSUP n\u00ba 65\/2020, de\u00a027 de abril\u00a0de 2020.\u00a0 A sele\u00e7\u00e3o foi realizada pela Comiss\u00e3o Local de Assist\u00eancia Estudantil e o resultado final foi homologado [&hellip;]<\/p>\n","protected":false},"author":100,"featured_media":0,"comment_status":"open","ping_status":"open","sticky":false,"template":"","format":"standard","meta":[],"categories":[25,64,24,65],"tags":[],"_links":{"self":[{"href":"https:\/\/www.ifbaiano.edu.br\/unidades\/lapa\/wp-json\/wp\/v2\/posts\/15863"}],"collection":[{"href":"https:\/\/www.ifbaiano.edu.br\/unidades\/lapa\/wp-json\/wp\/v2\/posts"}],"about":[{"href":"https:\/\/www.ifbaiano.edu.br\/unidades\/lapa\/wp-json\/wp\/v2\/types\/post"}],"author":[{"embeddable":true,"href":"https:\/\/www.ifbaiano.edu.br\/unidades\/lapa\/wp-json\/wp\/v2\/users\/100"}],"replies":[{"embeddable":true,"href":"https:\/\/www.ifbaiano.edu.br\/unidades\/lapa\/wp-json\/wp\/v2\/comments?post=15863"}],"version-history":[{"count":4,"href":"https:\/\/www.ifbaiano.edu.br\/unidades\/lapa\/wp-json\/wp\/v2\/posts\/15863\/revisions"}],"predecessor-version":[{"id":15867,"href":"https:\/\/www.ifbaiano.edu.br\/unidades\/lapa\/wp-json\/wp\/v2\/posts\/15863\/revisions\/15867"}],"wp:attachment":[{"href":"https:\/\/www.ifbaiano.edu.br\/unidades\/lapa\/wp-json\/wp\/v2\/media?parent=15863"}],"wp:term":[{"taxonomy":"category","embeddable":true,"href":"https:\/\/www.ifbaiano.edu.br\/unidades\/lapa\/wp-json\/wp\/v2\/categories?post=15863"},{"taxonomy":"post_tag","embeddable":true,"href":"https:\/\/www.ifbaiano.edu.br\/unidades\/lapa\/wp-json\/wp\/v2\/tags?post=15863"}],"curies":[{"name":"wp","href":"https:\/\/api.w.org\/{rel}","templated":true}]}}