{"id":15929,"date":"2020-05-19T07:32:02","date_gmt":"2020-05-19T10:32:02","guid":{"rendered":"https:\/\/www.ifbaiano.edu.br\/unidades\/lapa\/?p=15929"},"modified":"2020-05-19T07:32:47","modified_gmt":"2020-05-19T10:32:47","slug":"live-sobre-direitos-humanos-violencia-domestica-e-isolamento-social","status":"publish","type":"post","link":"https:\/\/www.ifbaiano.edu.br\/unidades\/lapa\/2020\/05\/19\/live-sobre-direitos-humanos-violencia-domestica-e-isolamento-social\/","title":{"rendered":"Live sobre Direitos Humanos, Viol\u00eancia Domestica e Isolamento Social"},"content":{"rendered":"\n<p>Tema: Direitos Humanos, viol\u00eancia dom\u00e9stica e isolamento social<br> Local: Instagram do <em>Campus<\/em><br> Data: 19 de maio de 2020<br> Hor\u00e1rio: 20 horas<br> Debatedora: Ariele Chagas Cruz<br> Mediadora: Cl\u00e9lia Gomes dos Santos<br> Participa\u00e7\u00e3o cultural: Mois\u00e9s Mendes<\/p>\n\n\n\n<figure class=\"wp-block-image size-large\"><img decoding=\"async\" loading=\"lazy\" width=\"1080\" height=\"1080\" src=\"https:\/\/www.ifbaiano.edu.br\/unidades\/lapa\/files\/2020\/05\/live-lapa-19-05-2020.png\" alt=\"\" class=\"wp-image-15930\" \/><\/figure>\n","protected":false},"excerpt":{"rendered":"<p>Tema: Direitos Humanos, viol\u00eancia dom\u00e9stica e isolamento social Local: Instagram do Campus Data: 19 de maio de 2020 Hor\u00e1rio: 20 horas Debatedora: Ariele Chagas Cruz Mediadora: Cl\u00e9lia Gomes dos Santos Participa\u00e7\u00e3o cultural: Mois\u00e9s Mendes<\/p>\n","protected":false},"author":100,"featured_media":15930,"comment_status":"open","ping_status":"open","sticky":false,"template":"","format":"standard","meta":[],"categories":[64,24,40,65],"tags":[],"_links":{"self":[{"href":"https:\/\/www.ifbaiano.edu.br\/unidades\/lapa\/wp-json\/wp\/v2\/posts\/15929"}],"collection":[{"href":"https:\/\/www.ifbaiano.edu.br\/unidades\/lapa\/wp-json\/wp\/v2\/posts"}],"about":[{"href":"https:\/\/www.ifbaiano.edu.br\/unidades\/lapa\/wp-json\/wp\/v2\/types\/post"}],"author":[{"embeddable":true,"href":"https:\/\/www.ifbaiano.edu.br\/unidades\/lapa\/wp-json\/wp\/v2\/users\/100"}],"replies":[{"embeddable":true,"href":"https:\/\/www.ifbaiano.edu.br\/unidades\/lapa\/wp-json\/wp\/v2\/comments?post=15929"}],"version-history":[{"count":1,"href":"https:\/\/www.ifbaiano.edu.br\/unidades\/lapa\/wp-json\/wp\/v2\/posts\/15929\/revisions"}],"predecessor-version":[{"id":15931,"href":"https:\/\/www.ifbaiano.edu.br\/unidades\/lapa\/wp-json\/wp\/v2\/posts\/15929\/revisions\/15931"}],"wp:featuredmedia":[{"embeddable":true,"href":"https:\/\/www.ifbaiano.edu.br\/unidades\/lapa\/wp-json\/wp\/v2\/media\/15930"}],"wp:attachment":[{"href":"https:\/\/www.ifbaiano.edu.br\/unidades\/lapa\/wp-json\/wp\/v2\/media?parent=15929"}],"wp:term":[{"taxonomy":"category","embeddable":true,"href":"https:\/\/www.ifbaiano.edu.br\/unidades\/lapa\/wp-json\/wp\/v2\/categories?post=15929"},{"taxonomy":"post_tag","embeddable":true,"href":"https:\/\/www.ifbaiano.edu.br\/unidades\/lapa\/wp-json\/wp\/v2\/tags?post=15929"}],"curies":[{"name":"wp","href":"https:\/\/api.w.org\/{rel}","templated":true}]}}