{"id":15986,"date":"2020-05-22T11:38:09","date_gmt":"2020-05-22T14:38:09","guid":{"rendered":"https:\/\/www.ifbaiano.edu.br\/unidades\/lapa\/?p=15986"},"modified":"2020-05-22T11:55:53","modified_gmt":"2020-05-22T14:55:53","slug":"nota-informativa","status":"publish","type":"post","link":"https:\/\/www.ifbaiano.edu.br\/unidades\/lapa\/2020\/05\/22\/nota-informativa\/","title":{"rendered":"NOTA INFORMATIVA"},"content":{"rendered":"\n<p>O Instituto Federal Baiano &#8211; <em>Campus<\/em> Bom Jesus da Lapa, ciente do seu compromisso social durante o estado de emerg\u00eancia de sa\u00fade p\u00fablica de import\u00e2ncia internacional em raz\u00e3o da pandemia causada pela COVID-19, informa que o pagamento referente a concess\u00e3o de Aux\u00edlio Financeiro em Car\u00e1ter Emergencial aos estudantes selecionados conforme Portaria 27\/2020, estar\u00e1 dispon\u00edvel a partir do dia 25\/05\/2020 (pr\u00f3xima segunda-feira). Os contemplados dever\u00e3o procurar as ag\u00eancias banc\u00e1rias para efetuar o saque. Lembrando que para os que apresentaram no ato da inscri\u00e7\u00e3o dados banc\u00e1rios (conta corrente ou poupan\u00e7a em seu nome), o pagamento poder\u00e1 ser efetuado no caixa eletr\u00f4nico correspondente a sua ag\u00eancia banc\u00e1ria. Os demais benefici\u00e1rios dever\u00e3o se deslocar at\u00e9 uma ag\u00eancia do Banco do Brasil mais pr\u00f3xima, com RG (ou documento oficial com foto de identifica\u00e7\u00e3o) e CPF (se n\u00e3o constar no RG), para efetuar o saque no caixa de atendimento \u201cboca do caixa\u201d.<\/p>\n\n\n\n<p>A central de atendimento do IF Baiano Campus Bom Jesus da Lapa estar\u00e1 em pleno funcionamento para poss\u00edveis esclarecimentos.<\/p>\n\n\n\n<p>Hor\u00e1rio de Atendimento: (segunda a sexta) 8h:00 min \u2013 11h:30min<\/p>\n","protected":false},"excerpt":{"rendered":"<p>O Instituto Federal Baiano &#8211; Campus Bom Jesus da Lapa, ciente do seu compromisso social durante o estado de emerg\u00eancia de sa\u00fade p\u00fablica de import\u00e2ncia internacional em raz\u00e3o da pandemia causada pela COVID-19, informa que o pagamento referente a concess\u00e3o de Aux\u00edlio Financeiro em Car\u00e1ter Emergencial aos estudantes selecionados conforme Portaria 27\/2020, estar\u00e1 dispon\u00edvel a [&hellip;]<\/p>\n","protected":false},"author":100,"featured_media":0,"comment_status":"open","ping_status":"open","sticky":false,"template":"","format":"standard","meta":[],"categories":[32,64,24,65],"tags":[],"_links":{"self":[{"href":"https:\/\/www.ifbaiano.edu.br\/unidades\/lapa\/wp-json\/wp\/v2\/posts\/15986"}],"collection":[{"href":"https:\/\/www.ifbaiano.edu.br\/unidades\/lapa\/wp-json\/wp\/v2\/posts"}],"about":[{"href":"https:\/\/www.ifbaiano.edu.br\/unidades\/lapa\/wp-json\/wp\/v2\/types\/post"}],"author":[{"embeddable":true,"href":"https:\/\/www.ifbaiano.edu.br\/unidades\/lapa\/wp-json\/wp\/v2\/users\/100"}],"replies":[{"embeddable":true,"href":"https:\/\/www.ifbaiano.edu.br\/unidades\/lapa\/wp-json\/wp\/v2\/comments?post=15986"}],"version-history":[{"count":4,"href":"https:\/\/www.ifbaiano.edu.br\/unidades\/lapa\/wp-json\/wp\/v2\/posts\/15986\/revisions"}],"predecessor-version":[{"id":15991,"href":"https:\/\/www.ifbaiano.edu.br\/unidades\/lapa\/wp-json\/wp\/v2\/posts\/15986\/revisions\/15991"}],"wp:attachment":[{"href":"https:\/\/www.ifbaiano.edu.br\/unidades\/lapa\/wp-json\/wp\/v2\/media?parent=15986"}],"wp:term":[{"taxonomy":"category","embeddable":true,"href":"https:\/\/www.ifbaiano.edu.br\/unidades\/lapa\/wp-json\/wp\/v2\/categories?post=15986"},{"taxonomy":"post_tag","embeddable":true,"href":"https:\/\/www.ifbaiano.edu.br\/unidades\/lapa\/wp-json\/wp\/v2\/tags?post=15986"}],"curies":[{"name":"wp","href":"https:\/\/api.w.org\/{rel}","templated":true}]}}