{"id":16041,"date":"2020-06-01T13:35:11","date_gmt":"2020-06-01T16:35:11","guid":{"rendered":"https:\/\/www.ifbaiano.edu.br\/unidades\/lapa\/?p=16041"},"modified":"2020-06-01T13:35:11","modified_gmt":"2020-06-01T16:35:11","slug":"live-sobre-seguranca-do-trabalho-rural-2","status":"publish","type":"post","link":"https:\/\/www.ifbaiano.edu.br\/unidades\/lapa\/2020\/06\/01\/live-sobre-seguranca-do-trabalho-rural-2\/","title":{"rendered":"Live sobre Seguran\u00e7a do trabalho rural"},"content":{"rendered":"\n<p>Tema: Seguran\u00e7a do trabalho rural<br>Local: Instagram do Campus<br>Data: 02 de junho de 2020<br>Hor\u00e1rio: 20 horas<br>Debatedor: Alex Leal<br>Interpretes de Libra: Luciana Teixeira e Marisa Tom\u00e9<br>Participa\u00e7\u00e3o Cultural: Leonardo Viana<\/p>\n\n\n\n<figure class=\"wp-block-image size-large\"><img decoding=\"async\" loading=\"lazy\" width=\"926\" height=\"1280\" src=\"https:\/\/www.ifbaiano.edu.br\/unidades\/lapa\/files\/2020\/06\/Live_seguranca_trabalho_rural.jpeg\" alt=\"\" class=\"wp-image-16042\" \/><\/figure>\n","protected":false},"excerpt":{"rendered":"<p>Tema: Seguran\u00e7a do trabalho ruralLocal: Instagram do CampusData: 02 de junho de 2020Hor\u00e1rio: 20 horasDebatedor: Alex LealInterpretes de Libra: Luciana Teixeira e Marisa Tom\u00e9Participa\u00e7\u00e3o Cultural: Leonardo Viana<\/p>\n","protected":false},"author":100,"featured_media":16042,"comment_status":"open","ping_status":"open","sticky":false,"template":"","format":"standard","meta":[],"categories":[64,24,40,65],"tags":[],"_links":{"self":[{"href":"https:\/\/www.ifbaiano.edu.br\/unidades\/lapa\/wp-json\/wp\/v2\/posts\/16041"}],"collection":[{"href":"https:\/\/www.ifbaiano.edu.br\/unidades\/lapa\/wp-json\/wp\/v2\/posts"}],"about":[{"href":"https:\/\/www.ifbaiano.edu.br\/unidades\/lapa\/wp-json\/wp\/v2\/types\/post"}],"author":[{"embeddable":true,"href":"https:\/\/www.ifbaiano.edu.br\/unidades\/lapa\/wp-json\/wp\/v2\/users\/100"}],"replies":[{"embeddable":true,"href":"https:\/\/www.ifbaiano.edu.br\/unidades\/lapa\/wp-json\/wp\/v2\/comments?post=16041"}],"version-history":[{"count":1,"href":"https:\/\/www.ifbaiano.edu.br\/unidades\/lapa\/wp-json\/wp\/v2\/posts\/16041\/revisions"}],"predecessor-version":[{"id":16043,"href":"https:\/\/www.ifbaiano.edu.br\/unidades\/lapa\/wp-json\/wp\/v2\/posts\/16041\/revisions\/16043"}],"wp:featuredmedia":[{"embeddable":true,"href":"https:\/\/www.ifbaiano.edu.br\/unidades\/lapa\/wp-json\/wp\/v2\/media\/16042"}],"wp:attachment":[{"href":"https:\/\/www.ifbaiano.edu.br\/unidades\/lapa\/wp-json\/wp\/v2\/media?parent=16041"}],"wp:term":[{"taxonomy":"category","embeddable":true,"href":"https:\/\/www.ifbaiano.edu.br\/unidades\/lapa\/wp-json\/wp\/v2\/categories?post=16041"},{"taxonomy":"post_tag","embeddable":true,"href":"https:\/\/www.ifbaiano.edu.br\/unidades\/lapa\/wp-json\/wp\/v2\/tags?post=16041"}],"curies":[{"name":"wp","href":"https:\/\/api.w.org\/{rel}","templated":true}]}}