{"id":16075,"date":"2020-06-05T15:04:40","date_gmt":"2020-06-05T18:04:40","guid":{"rendered":"https:\/\/www.ifbaiano.edu.br\/unidades\/lapa\/?p=16075"},"modified":"2020-06-05T15:04:40","modified_gmt":"2020-06-05T18:04:40","slug":"reforco-de-cuidados-com-covid-19","status":"publish","type":"post","link":"https:\/\/www.ifbaiano.edu.br\/unidades\/lapa\/2020\/06\/05\/reforco-de-cuidados-com-covid-19\/","title":{"rendered":"Refor\u00e7o de Cuidados com COVID-19"},"content":{"rendered":"\n<p>O Comit\u00ea Local de Acompanhamento da Amea\u00e7a do Coronav\u00edrus (COVID-19) no IF Baiano \u2013 Campus de Bom Jesus da Lapa vem refor\u00e7ar a comunidade acad\u00eamica, necessidade de continuidade do isolamento\/distanciamento social e do uso de m\u00e1scara quando houver necessidade de sa\u00edda da resid\u00eancia para casos essenciais, diante dos novos boletins do munic\u00edpio. At\u00e9 a manh\u00e3 de hoje 05\/06\/2020, o munic\u00edpio de Bom Jesus da Lapa possui 23 casos confirmados, sendo 20 ativos e 3 curados e 42 aguardando resultado, n\u00fameros que mostram uma curva crescente de casos e circula\u00e7\u00e3o ativa do v\u00edrus pela cidade. Salientamos tamb\u00e9m que em Riacho de Santana tem 10 casos confirmados e 4 aguardando resultado e em Serra do Ramalho tem 3 casos confirmados. No momento a melhor resposta a essa circula\u00e7\u00e3o do v\u00edrus \u00e9 refor\u00e7ar o isolamento\/distanciamento social, higieniza\u00e7\u00e3o constante das m\u00e3os e uso de m\u00e1scara, para que em breve consigamos retornar as atividades normais. Refor\u00e7ando que sempre na necessidade, procurar orienta\u00e7\u00e3o dos servi\u00e7os de sa\u00fade.<\/p>\n\n\n\n<p>Comit\u00ea Local de Acompanhamento da Amea\u00e7a do Coronav\u00edrus<\/p>\n\n\n\n<figure class=\"wp-block-image size-large\"><img decoding=\"async\" loading=\"lazy\" width=\"1058\" height=\"794\" src=\"https:\/\/www.ifbaiano.edu.br\/unidades\/lapa\/files\/2020\/06\/reforco_covid-19.jpeg\" alt=\"\" class=\"wp-image-16076\" \/><\/figure>\n","protected":false},"excerpt":{"rendered":"<p>O Comit\u00ea Local de Acompanhamento da Amea\u00e7a do Coronav\u00edrus (COVID-19) no IF Baiano \u2013 Campus de Bom Jesus da Lapa vem refor\u00e7ar a comunidade acad\u00eamica, necessidade de continuidade do isolamento\/distanciamento social e do uso de m\u00e1scara quando houver necessidade de sa\u00edda da resid\u00eancia para casos essenciais, diante dos novos boletins do munic\u00edpio. At\u00e9 a manh\u00e3 [&hellip;]<\/p>\n","protected":false},"author":100,"featured_media":16076,"comment_status":"open","ping_status":"open","sticky":false,"template":"","format":"standard","meta":[],"categories":[64,24,65],"tags":[],"_links":{"self":[{"href":"https:\/\/www.ifbaiano.edu.br\/unidades\/lapa\/wp-json\/wp\/v2\/posts\/16075"}],"collection":[{"href":"https:\/\/www.ifbaiano.edu.br\/unidades\/lapa\/wp-json\/wp\/v2\/posts"}],"about":[{"href":"https:\/\/www.ifbaiano.edu.br\/unidades\/lapa\/wp-json\/wp\/v2\/types\/post"}],"author":[{"embeddable":true,"href":"https:\/\/www.ifbaiano.edu.br\/unidades\/lapa\/wp-json\/wp\/v2\/users\/100"}],"replies":[{"embeddable":true,"href":"https:\/\/www.ifbaiano.edu.br\/unidades\/lapa\/wp-json\/wp\/v2\/comments?post=16075"}],"version-history":[{"count":1,"href":"https:\/\/www.ifbaiano.edu.br\/unidades\/lapa\/wp-json\/wp\/v2\/posts\/16075\/revisions"}],"predecessor-version":[{"id":16077,"href":"https:\/\/www.ifbaiano.edu.br\/unidades\/lapa\/wp-json\/wp\/v2\/posts\/16075\/revisions\/16077"}],"wp:featuredmedia":[{"embeddable":true,"href":"https:\/\/www.ifbaiano.edu.br\/unidades\/lapa\/wp-json\/wp\/v2\/media\/16076"}],"wp:attachment":[{"href":"https:\/\/www.ifbaiano.edu.br\/unidades\/lapa\/wp-json\/wp\/v2\/media?parent=16075"}],"wp:term":[{"taxonomy":"category","embeddable":true,"href":"https:\/\/www.ifbaiano.edu.br\/unidades\/lapa\/wp-json\/wp\/v2\/categories?post=16075"},{"taxonomy":"post_tag","embeddable":true,"href":"https:\/\/www.ifbaiano.edu.br\/unidades\/lapa\/wp-json\/wp\/v2\/tags?post=16075"}],"curies":[{"name":"wp","href":"https:\/\/api.w.org\/{rel}","templated":true}]}}