{"id":16179,"date":"2020-06-09T19:44:36","date_gmt":"2020-06-09T22:44:36","guid":{"rendered":"https:\/\/www.ifbaiano.edu.br\/unidades\/lapa\/?p=16179"},"modified":"2020-07-24T14:52:10","modified_gmt":"2020-07-24T17:52:10","slug":"lancamento-da-revista-velho-chico","status":"publish","type":"post","link":"https:\/\/www.ifbaiano.edu.br\/unidades\/lapa\/2020\/06\/09\/lancamento-da-revista-velho-chico\/","title":{"rendered":"Lan\u00e7amento da Revista Velho Chico"},"content":{"rendered":"\n<p>A equipe editorial convida a toda comunidade acad\u00eamica  para o lan\u00e7amento da Revista Velho Chico, que ser\u00e1 em <em>live<\/em> no Facebook do <em>Campus<\/em> Bom Jesus da Lapa, dia 10 de junho, \u00e0s 16:50h. Na oportunidade ser\u00e1 comentado a cria\u00e7\u00e3o da Revista e o in\u00edcio das submiss\u00f5es. Lembrado ainda que a <em>live<\/em> ter\u00e1 interpreta\u00e7\u00e3o em libras.<\/p>\n\n\n\n<figure class=\"wp-block-embed-youtube wp-block-embed is-type-video is-provider-youtube wp-embed-aspect-16-9 wp-has-aspect-ratio\"><div class=\"wp-block-embed__wrapper\">\n<iframe loading=\"lazy\" title=\"Lan\u00e7amento Revista Velho Chico - 10\/06\/2020\" width=\"500\" height=\"281\" src=\"https:\/\/www.youtube.com\/embed\/Mv7KO2yabLQ?feature=oembed\" frameborder=\"0\" allow=\"accelerometer; autoplay; encrypted-media; gyroscope; picture-in-picture\" allowfullscreen><\/iframe>\n<\/div><\/figure>\n\n\n\n<p>Peri\u00f3dico do IF Baiano Campus Bom Jesus da Lapa<br>Submiss\u00e3o para publica\u00e7\u00e3o entre 10\/06 e 20\/08\/2020<br>Informa\u00e7\u00f5es e diretrizes para autores: <a rel=\"noreferrer noopener\" href=\"http:\/\/tvc.lapa.ifbaiano.edu.br\/ojs\" target=\"_blank\">http:\/\/tvc.lapa.ifbaiano.edu.br\/ojs<\/a><br>D\u00favidas: revistavelhochico@lapa.ifbaiano.edu.br<\/p>\n\n\n\n<p>Fonte: Equipe editorial da Revista Velho Chico<\/p>\n","protected":false},"excerpt":{"rendered":"<p>A equipe editorial convida a toda comunidade acad\u00eamica para o lan\u00e7amento da Revista Velho Chico, que ser\u00e1 em live no Facebook do Campus Bom Jesus da Lapa, dia 10 de junho, \u00e0s 16:50h. Na oportunidade ser\u00e1 comentado a cria\u00e7\u00e3o da Revista e o in\u00edcio das submiss\u00f5es. Lembrado ainda que a live ter\u00e1 interpreta\u00e7\u00e3o em libras. [&hellip;]<\/p>\n","protected":false},"author":100,"featured_media":16180,"comment_status":"open","ping_status":"open","sticky":false,"template":"","format":"standard","meta":[],"categories":[64,24,40,65],"tags":[],"_links":{"self":[{"href":"https:\/\/www.ifbaiano.edu.br\/unidades\/lapa\/wp-json\/wp\/v2\/posts\/16179"}],"collection":[{"href":"https:\/\/www.ifbaiano.edu.br\/unidades\/lapa\/wp-json\/wp\/v2\/posts"}],"about":[{"href":"https:\/\/www.ifbaiano.edu.br\/unidades\/lapa\/wp-json\/wp\/v2\/types\/post"}],"author":[{"embeddable":true,"href":"https:\/\/www.ifbaiano.edu.br\/unidades\/lapa\/wp-json\/wp\/v2\/users\/100"}],"replies":[{"embeddable":true,"href":"https:\/\/www.ifbaiano.edu.br\/unidades\/lapa\/wp-json\/wp\/v2\/comments?post=16179"}],"version-history":[{"count":4,"href":"https:\/\/www.ifbaiano.edu.br\/unidades\/lapa\/wp-json\/wp\/v2\/posts\/16179\/revisions"}],"predecessor-version":[{"id":16183,"href":"https:\/\/www.ifbaiano.edu.br\/unidades\/lapa\/wp-json\/wp\/v2\/posts\/16179\/revisions\/16183"}],"wp:featuredmedia":[{"embeddable":true,"href":"https:\/\/www.ifbaiano.edu.br\/unidades\/lapa\/wp-json\/wp\/v2\/media\/16180"}],"wp:attachment":[{"href":"https:\/\/www.ifbaiano.edu.br\/unidades\/lapa\/wp-json\/wp\/v2\/media?parent=16179"}],"wp:term":[{"taxonomy":"category","embeddable":true,"href":"https:\/\/www.ifbaiano.edu.br\/unidades\/lapa\/wp-json\/wp\/v2\/categories?post=16179"},{"taxonomy":"post_tag","embeddable":true,"href":"https:\/\/www.ifbaiano.edu.br\/unidades\/lapa\/wp-json\/wp\/v2\/tags?post=16179"}],"curies":[{"name":"wp","href":"https:\/\/api.w.org\/{rel}","templated":true}]}}