{"id":16184,"date":"2020-06-17T11:29:23","date_gmt":"2020-06-17T14:29:23","guid":{"rendered":"https:\/\/www.ifbaiano.edu.br\/unidades\/lapa\/?p=16184"},"modified":"2020-06-17T11:29:23","modified_gmt":"2020-06-17T14:29:23","slug":"projeto-de-extensao-o-local-reflete-no-global","status":"publish","type":"post","link":"https:\/\/www.ifbaiano.edu.br\/unidades\/lapa\/2020\/06\/17\/projeto-de-extensao-o-local-reflete-no-global\/","title":{"rendered":"Projeto de Extens\u00e3o &#8220;O local reflete no global&#8221;"},"content":{"rendered":"\n<p>Com uma equipe composta por servidores do Campus e alunos do curso de Engenharia Agron\u00f4mica, o projeto de extens\u00e3o &#8220;O local reflete no global&#8221; desenvolve lives educativas nas redes sociais, campanhas de arrecada\u00e7\u00e3o de alimentos e doa\u00e7\u00e3o de 2 mil m\u00e1scaras nas comunidades que comp\u00f5em a regi\u00e3o de abrang\u00eancia do Campus. A ideia \u00e9 colaborar com as a\u00e7\u00f5es de enfrentamento \u00e0 pandemia da covid-19.<\/p>\n\n\n\n<figure class=\"wp-block-image size-large\"><img decoding=\"async\" loading=\"lazy\" width=\"1080\" height=\"1080\" src=\"https:\/\/www.ifbaiano.edu.br\/unidades\/lapa\/files\/2020\/06\/local-global-doacao-mascaras-lapa-junho-2020.png\" alt=\"\" class=\"wp-image-16185\" \/><\/figure>\n","protected":false},"excerpt":{"rendered":"<p>Com uma equipe composta por servidores do Campus e alunos do curso de Engenharia Agron\u00f4mica, o projeto de extens\u00e3o &#8220;O local reflete no global&#8221; desenvolve lives educativas nas redes sociais, campanhas de arrecada\u00e7\u00e3o de alimentos e doa\u00e7\u00e3o de 2 mil m\u00e1scaras nas comunidades que comp\u00f5em a regi\u00e3o de abrang\u00eancia do Campus. A ideia \u00e9 colaborar [&hellip;]<\/p>\n","protected":false},"author":100,"featured_media":16185,"comment_status":"open","ping_status":"open","sticky":false,"template":"","format":"standard","meta":[],"categories":[64,30,24,40,65],"tags":[],"_links":{"self":[{"href":"https:\/\/www.ifbaiano.edu.br\/unidades\/lapa\/wp-json\/wp\/v2\/posts\/16184"}],"collection":[{"href":"https:\/\/www.ifbaiano.edu.br\/unidades\/lapa\/wp-json\/wp\/v2\/posts"}],"about":[{"href":"https:\/\/www.ifbaiano.edu.br\/unidades\/lapa\/wp-json\/wp\/v2\/types\/post"}],"author":[{"embeddable":true,"href":"https:\/\/www.ifbaiano.edu.br\/unidades\/lapa\/wp-json\/wp\/v2\/users\/100"}],"replies":[{"embeddable":true,"href":"https:\/\/www.ifbaiano.edu.br\/unidades\/lapa\/wp-json\/wp\/v2\/comments?post=16184"}],"version-history":[{"count":1,"href":"https:\/\/www.ifbaiano.edu.br\/unidades\/lapa\/wp-json\/wp\/v2\/posts\/16184\/revisions"}],"predecessor-version":[{"id":16186,"href":"https:\/\/www.ifbaiano.edu.br\/unidades\/lapa\/wp-json\/wp\/v2\/posts\/16184\/revisions\/16186"}],"wp:featuredmedia":[{"embeddable":true,"href":"https:\/\/www.ifbaiano.edu.br\/unidades\/lapa\/wp-json\/wp\/v2\/media\/16185"}],"wp:attachment":[{"href":"https:\/\/www.ifbaiano.edu.br\/unidades\/lapa\/wp-json\/wp\/v2\/media?parent=16184"}],"wp:term":[{"taxonomy":"category","embeddable":true,"href":"https:\/\/www.ifbaiano.edu.br\/unidades\/lapa\/wp-json\/wp\/v2\/categories?post=16184"},{"taxonomy":"post_tag","embeddable":true,"href":"https:\/\/www.ifbaiano.edu.br\/unidades\/lapa\/wp-json\/wp\/v2\/tags?post=16184"}],"curies":[{"name":"wp","href":"https:\/\/api.w.org\/{rel}","templated":true}]}}