{"id":16266,"date":"2020-06-19T14:50:46","date_gmt":"2020-06-19T17:50:46","guid":{"rendered":"https:\/\/www.ifbaiano.edu.br\/unidades\/lapa\/?p=16266"},"modified":"2020-08-18T10:56:56","modified_gmt":"2020-08-18T13:56:56","slug":"primeiro-podcast-do-dedin-de-prosa","status":"publish","type":"post","link":"https:\/\/www.ifbaiano.edu.br\/unidades\/lapa\/2020\/06\/19\/primeiro-podcast-do-dedin-de-prosa\/","title":{"rendered":"Primeiro Podcast do &#8220;Dedin de Prosa&#8221;"},"content":{"rendered":"\n<p>Est\u00e1 no ar a primeira edi\u00e7\u00e3o do Dedin de Prosa, uma iniciativa de servidores do IF Baiano, que busca levar at\u00e9 voc\u00ea informa\u00e7\u00e3o, entretenimento, cultura, literatura, culin\u00e1ria e outros temas. Os epis\u00f3dio ser\u00e3o publicados semanalmente em nossas redes sociais e sites. Acessem e compartilhem!<\/p>\n<p>Clique na imagem para acessar o podcast.<\/p>\n\n\n\n<figure class=\"wp-block-image size-large\"><a href=\"https:\/\/anchor.fm\/dedin-de-prosa\/episodes\/O-episdio-1--o-lanamento-oficial-deste-canal-semanal-de-comunicao-com-a-comunidade-efkhum\/7-a2gk8a4\" target=\"_blank\" rel=\"noreferrer noopener\"><img decoding=\"async\" loading=\"lazy\" width=\"1080\" height=\"1080\" src=\"https:\/\/www.ifbaiano.edu.br\/unidades\/lapa\/files\/2020\/06\/dedin-de-prosa-lapa-itapetinga.png\" alt=\"Clique na imagem para acessar o podcast\" class=\"wp-image-16271\" \/><\/a><\/figure>\n","protected":false},"excerpt":{"rendered":"<p>Est\u00e1 no ar a primeira edi\u00e7\u00e3o do Dedin de Prosa, uma iniciativa de servidores do IF Baiano, que busca levar at\u00e9 voc\u00ea informa\u00e7\u00e3o, entretenimento, cultura, literatura, culin\u00e1ria e outros temas. Os epis\u00f3dio ser\u00e3o publicados semanalmente em nossas redes sociais e sites. Acessem e compartilhem! Clique na imagem para acessar o podcast.<\/p>\n","protected":false},"author":100,"featured_media":16271,"comment_status":"open","ping_status":"open","sticky":false,"template":"","format":"standard","meta":[],"categories":[32,64,24,40,65],"tags":[],"_links":{"self":[{"href":"https:\/\/www.ifbaiano.edu.br\/unidades\/lapa\/wp-json\/wp\/v2\/posts\/16266"}],"collection":[{"href":"https:\/\/www.ifbaiano.edu.br\/unidades\/lapa\/wp-json\/wp\/v2\/posts"}],"about":[{"href":"https:\/\/www.ifbaiano.edu.br\/unidades\/lapa\/wp-json\/wp\/v2\/types\/post"}],"author":[{"embeddable":true,"href":"https:\/\/www.ifbaiano.edu.br\/unidades\/lapa\/wp-json\/wp\/v2\/users\/100"}],"replies":[{"embeddable":true,"href":"https:\/\/www.ifbaiano.edu.br\/unidades\/lapa\/wp-json\/wp\/v2\/comments?post=16266"}],"version-history":[{"count":12,"href":"https:\/\/www.ifbaiano.edu.br\/unidades\/lapa\/wp-json\/wp\/v2\/posts\/16266\/revisions"}],"predecessor-version":[{"id":16941,"href":"https:\/\/www.ifbaiano.edu.br\/unidades\/lapa\/wp-json\/wp\/v2\/posts\/16266\/revisions\/16941"}],"wp:featuredmedia":[{"embeddable":true,"href":"https:\/\/www.ifbaiano.edu.br\/unidades\/lapa\/wp-json\/wp\/v2\/media\/16271"}],"wp:attachment":[{"href":"https:\/\/www.ifbaiano.edu.br\/unidades\/lapa\/wp-json\/wp\/v2\/media?parent=16266"}],"wp:term":[{"taxonomy":"category","embeddable":true,"href":"https:\/\/www.ifbaiano.edu.br\/unidades\/lapa\/wp-json\/wp\/v2\/categories?post=16266"},{"taxonomy":"post_tag","embeddable":true,"href":"https:\/\/www.ifbaiano.edu.br\/unidades\/lapa\/wp-json\/wp\/v2\/tags?post=16266"}],"curies":[{"name":"wp","href":"https:\/\/api.w.org\/{rel}","templated":true}]}}