{"id":16279,"date":"2020-06-23T07:18:05","date_gmt":"2020-06-23T10:18:05","guid":{"rendered":"https:\/\/www.ifbaiano.edu.br\/unidades\/lapa\/?p=16279"},"modified":"2020-07-24T14:49:58","modified_gmt":"2020-07-24T17:49:58","slug":"live-com-o-professor-e-escritor-ubiratan-dambrosio","status":"publish","type":"post","link":"https:\/\/www.ifbaiano.edu.br\/unidades\/lapa\/2020\/06\/23\/live-com-o-professor-e-escritor-ubiratan-dambrosio\/","title":{"rendered":"Live com o professor e escritor Ubiratan D&#8217;Ambr\u00f3sio"},"content":{"rendered":"\n<p>A equipe da Coordena\u00e7\u00e3o de Especializa\u00e7\u00e3o <em>lato sensu<\/em> em Educa\u00e7\u00e3o Matem\u00e1tica do IF Baiano\/<em> Campus<\/em> Bom Jesus da Lapa tem a honra de convidar Vossa Senhoria para participar de uma live com o<strong> professor e escritor Ubiratan D&#8217;Ambr\u00f3sio<\/strong> com o tema &#8220;<strong>Insubordina\u00e7\u00e3o criativa na pesquisa e na doc\u00eancia<\/strong>&#8220;.\n Registre em sua agenda. Compartilhe com seus colegas servidores e em \nsuas redes sociais. Ser\u00e1 um prazer receb\u00ea-los em nosso di\u00e1logo. <br>Contamos com sua participa\u00e7\u00e3o! <\/p>\n\n\n\n<p><strong>Sobre o escritor:<\/strong> \u00c9  professor em\u00e9rito da Universidade Estadual de Campinas\/UNICAMP.  Professor Credenciado dos Programas de P\u00f3s-Gradua\u00e7\u00e3o em Hist\u00f3ria da  Ci\u00eancia da Pontif\u00edcia Universidade Cat\u00f3lica de S\u00e3o Paulo, em Educa\u00e7\u00e3o  Faculdade de Educa\u00e7\u00e3o\/FE da Universidade de S\u00e3o Paulo\/USP e em Educa\u00e7\u00e3o  Matem\u00e1tica do Instituto de Geoci\u00eancias e Ci\u00eancias Exatas\/IGCE da  Universidade Estadual Paulista J\u00falio de Mesquita Filho\/UNESP-Rio Claro.  Tem discutido e pesquisado principalmente&nbsp;sobre os seguintes temas: <strong>Hist\u00f3ria  e Filosofia da Matem\u00e1tica, Hist\u00f3ria e Filosofia das Ci\u00eancias,  Etnomatem\u00e1tica, Etnoci\u00eancia, Educa\u00e7\u00e3o Matem\u00e1tica e Estudos  Transdisciplinares.<\/strong><br>D&#8217;Ambr\u00f3sio  representa uma figura importante na elabora\u00e7\u00e3o da&nbsp;Declara\u00e7\u00e3o de Veneza  de 1986 e Carta da Transdisciplinaridade de 1994, junto com Edgar Morin e  Bassarab Nicolescu.<\/p>\n<p>Data: 01\/07\/2020<br>\nHor\u00e1rio: 19 horas<br>\nLocal: Canal no Youtube IF Baiano Campus Bom Jesus da Lapa<br>\nAbertura: Grace Itana<br>\nMediador: Edi\u00eanio F\u00e1rias<\/p>\n\n\n\n<figure class=\"wp-block-embed-youtube wp-block-embed is-type-video is-provider-youtube wp-embed-aspect-16-9 wp-has-aspect-ratio\"><div class=\"wp-block-embed__wrapper\">\n<iframe loading=\"lazy\" title=\"Insubordina\u00e7\u00e3o criativa na pesquisa e na doc\u00eancia com Prof. Ubiratan D&#039;Ambrosio - 01\/07\/2020\" width=\"500\" height=\"281\" src=\"https:\/\/www.youtube.com\/embed\/j7ZnxIqCdo4?feature=oembed\" frameborder=\"0\" allow=\"accelerometer; autoplay; encrypted-media; gyroscope; picture-in-picture\" allowfullscreen><\/iframe>\n<\/div><\/figure>\n","protected":false},"excerpt":{"rendered":"<p>A equipe da Coordena\u00e7\u00e3o de Especializa\u00e7\u00e3o lato sensu em Educa\u00e7\u00e3o Matem\u00e1tica do IF Baiano\/ Campus Bom Jesus da Lapa tem a honra de convidar Vossa Senhoria para participar de uma live com o professor e escritor Ubiratan D&#8217;Ambr\u00f3sio com o tema &#8220;Insubordina\u00e7\u00e3o criativa na pesquisa e na doc\u00eancia&#8220;. Registre em sua agenda. Compartilhe com seus [&hellip;]<\/p>\n","protected":false},"author":100,"featured_media":16280,"comment_status":"open","ping_status":"open","sticky":false,"template":"","format":"standard","meta":[],"categories":[64,71,24,40,65],"tags":[],"_links":{"self":[{"href":"https:\/\/www.ifbaiano.edu.br\/unidades\/lapa\/wp-json\/wp\/v2\/posts\/16279"}],"collection":[{"href":"https:\/\/www.ifbaiano.edu.br\/unidades\/lapa\/wp-json\/wp\/v2\/posts"}],"about":[{"href":"https:\/\/www.ifbaiano.edu.br\/unidades\/lapa\/wp-json\/wp\/v2\/types\/post"}],"author":[{"embeddable":true,"href":"https:\/\/www.ifbaiano.edu.br\/unidades\/lapa\/wp-json\/wp\/v2\/users\/100"}],"replies":[{"embeddable":true,"href":"https:\/\/www.ifbaiano.edu.br\/unidades\/lapa\/wp-json\/wp\/v2\/comments?post=16279"}],"version-history":[{"count":4,"href":"https:\/\/www.ifbaiano.edu.br\/unidades\/lapa\/wp-json\/wp\/v2\/posts\/16279\/revisions"}],"predecessor-version":[{"id":16644,"href":"https:\/\/www.ifbaiano.edu.br\/unidades\/lapa\/wp-json\/wp\/v2\/posts\/16279\/revisions\/16644"}],"wp:featuredmedia":[{"embeddable":true,"href":"https:\/\/www.ifbaiano.edu.br\/unidades\/lapa\/wp-json\/wp\/v2\/media\/16280"}],"wp:attachment":[{"href":"https:\/\/www.ifbaiano.edu.br\/unidades\/lapa\/wp-json\/wp\/v2\/media?parent=16279"}],"wp:term":[{"taxonomy":"category","embeddable":true,"href":"https:\/\/www.ifbaiano.edu.br\/unidades\/lapa\/wp-json\/wp\/v2\/categories?post=16279"},{"taxonomy":"post_tag","embeddable":true,"href":"https:\/\/www.ifbaiano.edu.br\/unidades\/lapa\/wp-json\/wp\/v2\/tags?post=16279"}],"curies":[{"name":"wp","href":"https:\/\/api.w.org\/{rel}","templated":true}]}}