{"id":16286,"date":"2020-06-26T13:29:18","date_gmt":"2020-06-26T16:29:18","guid":{"rendered":"https:\/\/www.ifbaiano.edu.br\/unidades\/lapa\/?p=16286"},"modified":"2020-06-26T14:31:44","modified_gmt":"2020-06-26T17:31:44","slug":"segundo-episodio-do-dedin-de-prosa","status":"publish","type":"post","link":"https:\/\/www.ifbaiano.edu.br\/unidades\/lapa\/2020\/06\/26\/segundo-episodio-do-dedin-de-prosa\/","title":{"rendered":"Segundo epis\u00f3dio do &#8220;Dedin de prosa&#8221;"},"content":{"rendered":"\n<p>Neste segundo epis\u00f3dio do Dedin de prosa, as pedagogas Jalene Meira e Janine Couto,  trazem orienta\u00e7\u00f5es para ajudar a manter uma rela\u00e7\u00e3o tranquila e saud\u00e1vel com os estudos nesse per\u00edodo de atividades remotas.  <\/p>\n\n\n\n<p>Clique na imagem para acessar o podcast<\/p>\n\n\n\n<figure class=\"wp-block-image size-large\"><a href=\"https:\/\/anchor.fm\/dedin-de-prosa\/episodes\/Episdio-2-efubrb\/a-a58lu2\" target=\"_blank\" rel=\"noopener noreferrer\"><img decoding=\"async\" loading=\"lazy\" width=\"1080\" height=\"1080\" src=\"https:\/\/www.ifbaiano.edu.br\/unidades\/lapa\/files\/2020\/06\/dedin-de-prosa-lapa-itapetinga.png\" alt=\"Clique na imagem para acessar o podcast\" class=\"wp-image-16271\"><\/a><figcaption>Dedin de Prosa<\/figcaption><\/figure>\n","protected":false},"excerpt":{"rendered":"<p>Neste segundo epis\u00f3dio do Dedin de prosa, as pedagogas Jalene Meira e Janine Couto, trazem orienta\u00e7\u00f5es para ajudar a manter uma rela\u00e7\u00e3o tranquila e saud\u00e1vel com os estudos nesse per\u00edodo de atividades remotas. Clique na imagem para acessar o podcast Dedin de Prosa<\/p>\n","protected":false},"author":100,"featured_media":16271,"comment_status":"open","ping_status":"open","sticky":false,"template":"","format":"standard","meta":[],"categories":[32,64,24,40,65],"tags":[],"_links":{"self":[{"href":"https:\/\/www.ifbaiano.edu.br\/unidades\/lapa\/wp-json\/wp\/v2\/posts\/16286"}],"collection":[{"href":"https:\/\/www.ifbaiano.edu.br\/unidades\/lapa\/wp-json\/wp\/v2\/posts"}],"about":[{"href":"https:\/\/www.ifbaiano.edu.br\/unidades\/lapa\/wp-json\/wp\/v2\/types\/post"}],"author":[{"embeddable":true,"href":"https:\/\/www.ifbaiano.edu.br\/unidades\/lapa\/wp-json\/wp\/v2\/users\/100"}],"replies":[{"embeddable":true,"href":"https:\/\/www.ifbaiano.edu.br\/unidades\/lapa\/wp-json\/wp\/v2\/comments?post=16286"}],"version-history":[{"count":4,"href":"https:\/\/www.ifbaiano.edu.br\/unidades\/lapa\/wp-json\/wp\/v2\/posts\/16286\/revisions"}],"predecessor-version":[{"id":16293,"href":"https:\/\/www.ifbaiano.edu.br\/unidades\/lapa\/wp-json\/wp\/v2\/posts\/16286\/revisions\/16293"}],"wp:featuredmedia":[{"embeddable":true,"href":"https:\/\/www.ifbaiano.edu.br\/unidades\/lapa\/wp-json\/wp\/v2\/media\/16271"}],"wp:attachment":[{"href":"https:\/\/www.ifbaiano.edu.br\/unidades\/lapa\/wp-json\/wp\/v2\/media?parent=16286"}],"wp:term":[{"taxonomy":"category","embeddable":true,"href":"https:\/\/www.ifbaiano.edu.br\/unidades\/lapa\/wp-json\/wp\/v2\/categories?post=16286"},{"taxonomy":"post_tag","embeddable":true,"href":"https:\/\/www.ifbaiano.edu.br\/unidades\/lapa\/wp-json\/wp\/v2\/tags?post=16286"}],"curies":[{"name":"wp","href":"https:\/\/api.w.org\/{rel}","templated":true}]}}