{"id":16307,"date":"2020-07-01T16:47:01","date_gmt":"2020-07-01T19:47:01","guid":{"rendered":"https:\/\/www.ifbaiano.edu.br\/unidades\/lapa\/?p=16307"},"modified":"2020-07-02T15:56:52","modified_gmt":"2020-07-02T18:56:52","slug":"concessao-de-auxilio-extraordinario-alunos-ingressantes-2019-2","status":"publish","type":"post","link":"https:\/\/www.ifbaiano.edu.br\/unidades\/lapa\/2020\/07\/01\/concessao-de-auxilio-extraordinario-alunos-ingressantes-2019-2\/","title":{"rendered":"Concess\u00e3o de auxilio extraordin\u00e1rio \u2013 alunos ingressantes 2019.2"},"content":{"rendered":"\n<p>\nBuscando a garantia da isonomia como pilar da \nAdministra\u00e7\u00e3o P\u00fablica e com isso estender a prote\u00e7\u00e3o social promovida \npelas a\u00e7\u00f5es de Assist\u00eancia Estudantil aos alunos ingressantes no per\u00edodo\n de 2019.2 que n\u00e3o puderam participar da sele\u00e7\u00e3o do PAISE daquele ano \npor quest\u00f5es administrativas, o If Baiano conceder\u00e1 auxilio \nextraordin\u00e1rio regulamentado pela Resolu\u00e7\u00e3o 71\/2020 &#8211; \nOS-CONSUP\/IFBAIANO, DE 23 DE JUNHO DE 2020 e que entrou em vigor em 01\/07\/2020.<\/p>\n\n\n\n<p>Os alunos que desejarem participar do processo de sele\u00e7\u00e3o, dever\u00e3o enviar o espelho do CADUNICO, para o email: cae@lapa.ifbaiano.edu.br, no per\u00edodo de 01 \u00e0 07\/07\/2020.<\/p>\n\n\n\n<p>Ser\u00e3o concedidos duas parcelas de 120,00, ao estudante contemplado.<br>Informa\u00e7\u00f5es podem ser obtidas junto a Coordena\u00e7\u00e3o de Assuntos Estudantis do Campus Lapa e no link abaixo:<\/p>\n\n\n\n<div class=\"wp-block-file\"><a href=\"https:\/\/www.ifbaiano.edu.br\/unidades\/lapa\/files\/2020\/07\/Resolucao_71-2020.pdf\">Resolu\u00e7\u00e3o 71\/2020 &#8211; OS-CONSUP\/IFBAIANO.<\/a><\/div>\n\n\n\n<div class=\"wp-block-file\"><a href=\"https:\/\/www.ifbaiano.edu.br\/unidades\/lapa\/files\/2020\/07\/Orientacoes_para_solicitar_Auxilio_Emergencial_-Discentes_Ingressantes_2019-2.pdf\">Orienta\u00e7\u00f5es para solicitar Aux\u00edlio Emergencial Discentes Ingressantes 2019.2<\/a><\/div>\n\n\n\n<p>Fonte:  Comiss\u00e3o Local de Assist\u00eancia Estudantil <\/p>\n","protected":false},"excerpt":{"rendered":"<p>Buscando a garantia da isonomia como pilar da Administra\u00e7\u00e3o P\u00fablica e com isso estender a prote\u00e7\u00e3o social promovida pelas a\u00e7\u00f5es de Assist\u00eancia Estudantil aos alunos ingressantes no per\u00edodo de 2019.2 que n\u00e3o puderam participar da sele\u00e7\u00e3o do PAISE daquele ano por quest\u00f5es administrativas, o If Baiano conceder\u00e1 auxilio extraordin\u00e1rio regulamentado pela Resolu\u00e7\u00e3o 71\/2020 &#8211; OS-CONSUP\/IFBAIANO, [&hellip;]<\/p>\n","protected":false},"author":100,"featured_media":0,"comment_status":"open","ping_status":"open","sticky":false,"template":"","format":"standard","meta":[],"categories":[32,64,24,65],"tags":[],"_links":{"self":[{"href":"https:\/\/www.ifbaiano.edu.br\/unidades\/lapa\/wp-json\/wp\/v2\/posts\/16307"}],"collection":[{"href":"https:\/\/www.ifbaiano.edu.br\/unidades\/lapa\/wp-json\/wp\/v2\/posts"}],"about":[{"href":"https:\/\/www.ifbaiano.edu.br\/unidades\/lapa\/wp-json\/wp\/v2\/types\/post"}],"author":[{"embeddable":true,"href":"https:\/\/www.ifbaiano.edu.br\/unidades\/lapa\/wp-json\/wp\/v2\/users\/100"}],"replies":[{"embeddable":true,"href":"https:\/\/www.ifbaiano.edu.br\/unidades\/lapa\/wp-json\/wp\/v2\/comments?post=16307"}],"version-history":[{"count":4,"href":"https:\/\/www.ifbaiano.edu.br\/unidades\/lapa\/wp-json\/wp\/v2\/posts\/16307\/revisions"}],"predecessor-version":[{"id":16313,"href":"https:\/\/www.ifbaiano.edu.br\/unidades\/lapa\/wp-json\/wp\/v2\/posts\/16307\/revisions\/16313"}],"wp:attachment":[{"href":"https:\/\/www.ifbaiano.edu.br\/unidades\/lapa\/wp-json\/wp\/v2\/media?parent=16307"}],"wp:term":[{"taxonomy":"category","embeddable":true,"href":"https:\/\/www.ifbaiano.edu.br\/unidades\/lapa\/wp-json\/wp\/v2\/categories?post=16307"},{"taxonomy":"post_tag","embeddable":true,"href":"https:\/\/www.ifbaiano.edu.br\/unidades\/lapa\/wp-json\/wp\/v2\/tags?post=16307"}],"curies":[{"name":"wp","href":"https:\/\/api.w.org\/{rel}","templated":true}]}}