{"id":16315,"date":"2020-07-03T08:12:38","date_gmt":"2020-07-03T11:12:38","guid":{"rendered":"https:\/\/www.ifbaiano.edu.br\/unidades\/lapa\/?p=16315"},"modified":"2020-07-03T08:12:38","modified_gmt":"2020-07-03T11:12:38","slug":"o-terceiro-episodio-do-dedin-de-prosa-trata-da-higiene-do-sono","status":"publish","type":"post","link":"https:\/\/www.ifbaiano.edu.br\/unidades\/lapa\/2020\/07\/03\/o-terceiro-episodio-do-dedin-de-prosa-trata-da-higiene-do-sono\/","title":{"rendered":"O Terceiro Epis\u00f3dio do &#8220;Dedin de Prosa&#8221; trata da &#8220;Higiene do Sono&#8221;"},"content":{"rendered":"\n<p>Neste epis\u00f3dio, os psic\u00f3logos Aline Soares e Erick Marcel d\u00e3o dicas para ter uma noite de sono mais saud\u00e1vel.<\/p>\n\n\n\n<p>Clique na imagem para acessar o podcast.<\/p>\n\n\n\n<p><a href=\"https:\/\/anchor.fm\/dedin-de-prosa\/episodes\/Higiene-do-Sono-eg7seh\/a-a2k2976\" target=\"_blank\" rel=\"noopener noreferrer\"><img decoding=\"async\" loading=\"lazy\" width=\"1080\" height=\"1080\" class=\"wp-image-16271\" style=\"width: 150px\" src=\"https:\/\/www.ifbaiano.edu.br\/unidades\/lapa\/files\/2020\/06\/dedin-de-prosa-lapa-itapetinga.png\" alt=\"Terceiro Epis\u00f3dio do Dedin de Prosa\"><\/a> <\/p>\n\n\n\n<p><\/p>\n","protected":false},"excerpt":{"rendered":"<p>Neste epis\u00f3dio, os psic\u00f3logos Aline Soares e Erick Marcel d\u00e3o dicas para ter uma noite de sono mais saud\u00e1vel. Clique na imagem para acessar o podcast.<\/p>\n","protected":false},"author":100,"featured_media":16271,"comment_status":"open","ping_status":"open","sticky":false,"template":"","format":"standard","meta":[],"categories":[32,64,24,40,65],"tags":[],"_links":{"self":[{"href":"https:\/\/www.ifbaiano.edu.br\/unidades\/lapa\/wp-json\/wp\/v2\/posts\/16315"}],"collection":[{"href":"https:\/\/www.ifbaiano.edu.br\/unidades\/lapa\/wp-json\/wp\/v2\/posts"}],"about":[{"href":"https:\/\/www.ifbaiano.edu.br\/unidades\/lapa\/wp-json\/wp\/v2\/types\/post"}],"author":[{"embeddable":true,"href":"https:\/\/www.ifbaiano.edu.br\/unidades\/lapa\/wp-json\/wp\/v2\/users\/100"}],"replies":[{"embeddable":true,"href":"https:\/\/www.ifbaiano.edu.br\/unidades\/lapa\/wp-json\/wp\/v2\/comments?post=16315"}],"version-history":[{"count":3,"href":"https:\/\/www.ifbaiano.edu.br\/unidades\/lapa\/wp-json\/wp\/v2\/posts\/16315\/revisions"}],"predecessor-version":[{"id":16318,"href":"https:\/\/www.ifbaiano.edu.br\/unidades\/lapa\/wp-json\/wp\/v2\/posts\/16315\/revisions\/16318"}],"wp:featuredmedia":[{"embeddable":true,"href":"https:\/\/www.ifbaiano.edu.br\/unidades\/lapa\/wp-json\/wp\/v2\/media\/16271"}],"wp:attachment":[{"href":"https:\/\/www.ifbaiano.edu.br\/unidades\/lapa\/wp-json\/wp\/v2\/media?parent=16315"}],"wp:term":[{"taxonomy":"category","embeddable":true,"href":"https:\/\/www.ifbaiano.edu.br\/unidades\/lapa\/wp-json\/wp\/v2\/categories?post=16315"},{"taxonomy":"post_tag","embeddable":true,"href":"https:\/\/www.ifbaiano.edu.br\/unidades\/lapa\/wp-json\/wp\/v2\/tags?post=16315"}],"curies":[{"name":"wp","href":"https:\/\/api.w.org\/{rel}","templated":true}]}}