{"id":16319,"date":"2020-07-03T10:16:31","date_gmt":"2020-07-03T13:16:31","guid":{"rendered":"https:\/\/www.ifbaiano.edu.br\/unidades\/lapa\/?p=16319"},"modified":"2020-07-24T14:47:53","modified_gmt":"2020-07-24T17:47:53","slug":"live-no-facebook-sobre-sisu-2020-2","status":"publish","type":"post","link":"https:\/\/www.ifbaiano.edu.br\/unidades\/lapa\/2020\/07\/03\/live-no-facebook-sobre-sisu-2020-2\/","title":{"rendered":"Live no Facebook sobre SiSU 2020.2"},"content":{"rendered":"\n<p>A equipe respons\u00e1vel pelo Processo Seletivo do SiSU 2020.2 do IF Baiano <em>Campus<\/em> Bom Jesus da Lapa estar\u00e1 promovendo uma <em>live<\/em> para tratar sobre o processo seletivo para os cursos de gradua\u00e7\u00e3o ofertadas pelo IF Baiano, para ingresso no 2\u00ba semestre de 2020, Sistema de Sele\u00e7\u00e3o Unificada (SiSU).<\/p>\n\n\n\n<p>Data: 06\/07\/2020<br>Hor\u00e1rio: 15:00 hs<br>Plataforma: P\u00e1gina Oficial do Facebook do IF Baiano <em>Campus<\/em> Bom Jesus da Lapa <br>Informantes:<br>Prof. Dr (a) Elisa Eni Freitag \u2013Coordenadora do Curso de Bacharelado em Engenharia Agron\u00f4mica do IF Baiano Campus Bom Jesus da Lapa<br>Jorge Abdon Miranda de Souza J\u00fanior &#8211; Chefe da Secretaria de Registros Acad\u00eamicos do IF Baiano Campus Bom Jesus da Lapa<br> <br>Media\u00e7\u00e3o: <br>Emerson Alves dos Santos \u2013 Diretor Acad\u00eamico do IF Baiano Campus Bom Jesus da Lapa<br> <br>Int\u00e9rprete de Libras:<br>Luciana Pereira Cardial Teixeira \u2013 Interprete de LIBRAS do IF Baiano Campus Bom Jesus da Lapa<br>Joat\u00e3 Mota de Jesus &#8211; Interprete de LIBRAS do IF Baiano Reitoria\/ProEn.<\/p>\n\n\n\n<figure class=\"wp-block-embed-youtube wp-block-embed is-type-video is-provider-youtube wp-embed-aspect-16-9 wp-has-aspect-ratio\"><div class=\"wp-block-embed__wrapper\">\n<iframe loading=\"lazy\" title=\"Live sobre SiSU 2020.2 - 06\/07\/2020\" width=\"500\" height=\"281\" src=\"https:\/\/www.youtube.com\/embed\/DL8H92r0Uqs?feature=oembed\" frameborder=\"0\" allow=\"accelerometer; autoplay; encrypted-media; gyroscope; picture-in-picture\" allowfullscreen><\/iframe>\n<\/div><\/figure>\n","protected":false},"excerpt":{"rendered":"<p>A equipe respons\u00e1vel pelo Processo Seletivo do SiSU 2020.2 do IF Baiano Campus Bom Jesus da Lapa estar\u00e1 promovendo uma live para tratar sobre o processo seletivo para os cursos de gradua\u00e7\u00e3o ofertadas pelo IF Baiano, para ingresso no 2\u00ba semestre de 2020, Sistema de Sele\u00e7\u00e3o Unificada (SiSU). Data: 06\/07\/2020Hor\u00e1rio: 15:00 hsPlataforma: P\u00e1gina Oficial do [&hellip;]<\/p>\n","protected":false},"author":100,"featured_media":16314,"comment_status":"open","ping_status":"open","sticky":false,"template":"","format":"standard","meta":[],"categories":[64,39,24,73,70,65],"tags":[],"_links":{"self":[{"href":"https:\/\/www.ifbaiano.edu.br\/unidades\/lapa\/wp-json\/wp\/v2\/posts\/16319"}],"collection":[{"href":"https:\/\/www.ifbaiano.edu.br\/unidades\/lapa\/wp-json\/wp\/v2\/posts"}],"about":[{"href":"https:\/\/www.ifbaiano.edu.br\/unidades\/lapa\/wp-json\/wp\/v2\/types\/post"}],"author":[{"embeddable":true,"href":"https:\/\/www.ifbaiano.edu.br\/unidades\/lapa\/wp-json\/wp\/v2\/users\/100"}],"replies":[{"embeddable":true,"href":"https:\/\/www.ifbaiano.edu.br\/unidades\/lapa\/wp-json\/wp\/v2\/comments?post=16319"}],"version-history":[{"count":4,"href":"https:\/\/www.ifbaiano.edu.br\/unidades\/lapa\/wp-json\/wp\/v2\/posts\/16319\/revisions"}],"predecessor-version":[{"id":16642,"href":"https:\/\/www.ifbaiano.edu.br\/unidades\/lapa\/wp-json\/wp\/v2\/posts\/16319\/revisions\/16642"}],"wp:featuredmedia":[{"embeddable":true,"href":"https:\/\/www.ifbaiano.edu.br\/unidades\/lapa\/wp-json\/wp\/v2\/media\/16314"}],"wp:attachment":[{"href":"https:\/\/www.ifbaiano.edu.br\/unidades\/lapa\/wp-json\/wp\/v2\/media?parent=16319"}],"wp:term":[{"taxonomy":"category","embeddable":true,"href":"https:\/\/www.ifbaiano.edu.br\/unidades\/lapa\/wp-json\/wp\/v2\/categories?post=16319"},{"taxonomy":"post_tag","embeddable":true,"href":"https:\/\/www.ifbaiano.edu.br\/unidades\/lapa\/wp-json\/wp\/v2\/tags?post=16319"}],"curies":[{"name":"wp","href":"https:\/\/api.w.org\/{rel}","templated":true}]}}