{"id":16365,"date":"2020-07-08T18:10:48","date_gmt":"2020-07-08T21:10:48","guid":{"rendered":"https:\/\/www.ifbaiano.edu.br\/unidades\/lapa\/?p=16365"},"modified":"2020-07-08T18:19:42","modified_gmt":"2020-07-08T21:19:42","slug":"resultado-preliminar-da-selecao-do-auxilio-emergencial-extraordinario-aos-estudantes","status":"publish","type":"post","link":"https:\/\/www.ifbaiano.edu.br\/unidades\/lapa\/2020\/07\/08\/resultado-preliminar-da-selecao-do-auxilio-emergencial-extraordinario-aos-estudantes\/","title":{"rendered":"Resultado Preliminar da sele\u00e7\u00e3o do Aux\u00edlio Emergencial Extraordin\u00e1rio aos estudantes"},"content":{"rendered":"\n<p>\n\nA Comiss\u00e3o Local de Assist\u00eancia Estudantil do C\u00e2mpus Bom Jesus da Lapa, torna p\u00fablico o Resultado Preliminar da sele\u00e7\u00e3o do Aux\u00edlio Emergencial Extraordin\u00e1rio aos estudantes em situa\u00e7\u00e3o de vulnerabilidade socioecon\u00f4nica, em raz\u00e3o da pandemia causada pela Covid-19, conforme autorizado pela Resolu\u00e7\u00e3o 71\/2020, de&nbsp;23\/06\/2020&nbsp;do Conselho Superior do IF Baiano.<\/p>\n<p><strong>Acompanhem o cronograma a seguir:<\/strong><\/p>\n\n\n\n<p><strong>Interposi\u00e7\u00e3o de Recursos ao Resultado Preliminar:<\/strong>&nbsp;09 e&nbsp;10 de julho&nbsp;de 2020 (Os recursos dever\u00e3o ser encaminhados para o e-mail:&nbsp;cae@lapa.ifbaiano.edu.br)<\/p>\n\n\n\n<p><strong>Divulga\u00e7\u00e3o do Resultado Final:<\/strong>\u00a013 de julho\u00a0de 2020 <\/p>\n\n\n\n<p><strong>Envio do of\u00edcio solicitando pagamento do aux\u00edlio:<\/strong> 13 de julho de 2020<\/p>\n\n\n\n<div class=\"wp-block-file\"><a href=\"https:\/\/www.ifbaiano.edu.br\/unidades\/lapa\/files\/2020\/07\/Resultado_Preliminar-Auxilio_Emergencial_Extraordinario-08.07.2020.pdf\">Resultado Preliminar Aux\u00edlio Emergencial Extraordin\u00e1rio<\/a><\/div>\n","protected":false},"excerpt":{"rendered":"<p>A Comiss\u00e3o Local de Assist\u00eancia Estudantil do C\u00e2mpus Bom Jesus da Lapa, torna p\u00fablico o Resultado Preliminar da sele\u00e7\u00e3o do Aux\u00edlio Emergencial Extraordin\u00e1rio aos estudantes em situa\u00e7\u00e3o de vulnerabilidade socioecon\u00f4nica, em raz\u00e3o da pandemia causada pela Covid-19, conforme autorizado pela Resolu\u00e7\u00e3o 71\/2020, de&nbsp;23\/06\/2020&nbsp;do Conselho Superior do IF Baiano. Acompanhem o cronograma a seguir: Interposi\u00e7\u00e3o de [&hellip;]<\/p>\n","protected":false},"author":100,"featured_media":0,"comment_status":"open","ping_status":"open","sticky":false,"template":"","format":"standard","meta":[],"categories":[32,64,24,65],"tags":[],"_links":{"self":[{"href":"https:\/\/www.ifbaiano.edu.br\/unidades\/lapa\/wp-json\/wp\/v2\/posts\/16365"}],"collection":[{"href":"https:\/\/www.ifbaiano.edu.br\/unidades\/lapa\/wp-json\/wp\/v2\/posts"}],"about":[{"href":"https:\/\/www.ifbaiano.edu.br\/unidades\/lapa\/wp-json\/wp\/v2\/types\/post"}],"author":[{"embeddable":true,"href":"https:\/\/www.ifbaiano.edu.br\/unidades\/lapa\/wp-json\/wp\/v2\/users\/100"}],"replies":[{"embeddable":true,"href":"https:\/\/www.ifbaiano.edu.br\/unidades\/lapa\/wp-json\/wp\/v2\/comments?post=16365"}],"version-history":[{"count":9,"href":"https:\/\/www.ifbaiano.edu.br\/unidades\/lapa\/wp-json\/wp\/v2\/posts\/16365\/revisions"}],"predecessor-version":[{"id":16375,"href":"https:\/\/www.ifbaiano.edu.br\/unidades\/lapa\/wp-json\/wp\/v2\/posts\/16365\/revisions\/16375"}],"wp:attachment":[{"href":"https:\/\/www.ifbaiano.edu.br\/unidades\/lapa\/wp-json\/wp\/v2\/media?parent=16365"}],"wp:term":[{"taxonomy":"category","embeddable":true,"href":"https:\/\/www.ifbaiano.edu.br\/unidades\/lapa\/wp-json\/wp\/v2\/categories?post=16365"},{"taxonomy":"post_tag","embeddable":true,"href":"https:\/\/www.ifbaiano.edu.br\/unidades\/lapa\/wp-json\/wp\/v2\/tags?post=16365"}],"curies":[{"name":"wp","href":"https:\/\/api.w.org\/{rel}","templated":true}]}}