{"id":16378,"date":"2020-07-10T07:41:07","date_gmt":"2020-07-10T10:41:07","guid":{"rendered":"https:\/\/www.ifbaiano.edu.br\/unidades\/lapa\/?p=16378"},"modified":"2020-07-10T07:51:03","modified_gmt":"2020-07-10T10:51:03","slug":"quarto-episodio-do-dedin-de-prosa","status":"publish","type":"post","link":"https:\/\/www.ifbaiano.edu.br\/unidades\/lapa\/2020\/07\/10\/quarto-episodio-do-dedin-de-prosa\/","title":{"rendered":"Quarto Epis\u00f3dio do \u201cDedin de Prosa\u201d &#8211; &#8220;Inclus\u00e3o \u00e9 o foco&#8221;"},"content":{"rendered":"\n<p>No quarto epis\u00f3dio do &#8220;Dedin de Prosa&#8221;, a servidora Luciana e o servidor Wilson apresentam importantes orienta\u00e7\u00f5es \u00e0s pessoas com defici\u00eancia e seus familiares sobre como se prevenir da Covid-19.<\/p>\n\n\n\n<p>Clique na imagem abaixo para acessar o podcast.<\/p>\n\n\n\n<figure class=\"wp-block-image size-large\"><a href=\"https:\/\/anchor.fm\/dedin-de-prosa\/episodes\/Episdio-4---Incluso--o-foco-eghlm7\/a-a2lp66s\" target=\"_blank\" rel=\"noopener noreferrer\"><img decoding=\"async\" loading=\"lazy\" width=\"1080\" height=\"1080\" src=\"https:\/\/www.ifbaiano.edu.br\/unidades\/lapa\/files\/2020\/06\/dedin-de-prosa-lapa-itapetinga.png\" alt=\"Quarto epis\u00f3dio do Dedin de Prosa (abre em outra aba)\" class=\"wp-image-16271\" \/><\/a><figcaption>Dedin de Prosa<\/figcaption><\/figure>\n","protected":false},"excerpt":{"rendered":"<p>No quarto epis\u00f3dio do &#8220;Dedin de Prosa&#8221;, a servidora Luciana e o servidor Wilson apresentam importantes orienta\u00e7\u00f5es \u00e0s pessoas com defici\u00eancia e seus familiares sobre como se prevenir da Covid-19. Clique na imagem abaixo para acessar o podcast. Dedin de Prosa<\/p>\n","protected":false},"author":100,"featured_media":16271,"comment_status":"open","ping_status":"open","sticky":false,"template":"","format":"standard","meta":[],"categories":[64,24,40,65],"tags":[],"_links":{"self":[{"href":"https:\/\/www.ifbaiano.edu.br\/unidades\/lapa\/wp-json\/wp\/v2\/posts\/16378"}],"collection":[{"href":"https:\/\/www.ifbaiano.edu.br\/unidades\/lapa\/wp-json\/wp\/v2\/posts"}],"about":[{"href":"https:\/\/www.ifbaiano.edu.br\/unidades\/lapa\/wp-json\/wp\/v2\/types\/post"}],"author":[{"embeddable":true,"href":"https:\/\/www.ifbaiano.edu.br\/unidades\/lapa\/wp-json\/wp\/v2\/users\/100"}],"replies":[{"embeddable":true,"href":"https:\/\/www.ifbaiano.edu.br\/unidades\/lapa\/wp-json\/wp\/v2\/comments?post=16378"}],"version-history":[{"count":2,"href":"https:\/\/www.ifbaiano.edu.br\/unidades\/lapa\/wp-json\/wp\/v2\/posts\/16378\/revisions"}],"predecessor-version":[{"id":16380,"href":"https:\/\/www.ifbaiano.edu.br\/unidades\/lapa\/wp-json\/wp\/v2\/posts\/16378\/revisions\/16380"}],"wp:featuredmedia":[{"embeddable":true,"href":"https:\/\/www.ifbaiano.edu.br\/unidades\/lapa\/wp-json\/wp\/v2\/media\/16271"}],"wp:attachment":[{"href":"https:\/\/www.ifbaiano.edu.br\/unidades\/lapa\/wp-json\/wp\/v2\/media?parent=16378"}],"wp:term":[{"taxonomy":"category","embeddable":true,"href":"https:\/\/www.ifbaiano.edu.br\/unidades\/lapa\/wp-json\/wp\/v2\/categories?post=16378"},{"taxonomy":"post_tag","embeddable":true,"href":"https:\/\/www.ifbaiano.edu.br\/unidades\/lapa\/wp-json\/wp\/v2\/tags?post=16378"}],"curies":[{"name":"wp","href":"https:\/\/api.w.org\/{rel}","templated":true}]}}