{"id":16388,"date":"2020-07-10T14:28:36","date_gmt":"2020-07-10T17:28:36","guid":{"rendered":"https:\/\/www.ifbaiano.edu.br\/unidades\/lapa\/?p=16388"},"modified":"2020-07-24T14:32:14","modified_gmt":"2020-07-24T17:32:14","slug":"quarto-episodio-do-dedin-de-prosa-em-libras","status":"publish","type":"post","link":"https:\/\/www.ifbaiano.edu.br\/unidades\/lapa\/2020\/07\/10\/quarto-episodio-do-dedin-de-prosa-em-libras\/","title":{"rendered":"Quarto epis\u00f3dio do &#8220;Dedin de Prosa&#8221; em LIBRAS"},"content":{"rendered":"\n<p>J\u00e1 est\u00e1 dispon\u00edvel, no Canal do Youtube do <em>Campus<\/em> Bom Jesus da Lapa, o quarto epis\u00f3dio do \u201cDedin de Prosa\u201d com tradu\u00e7\u00e3o em LIBRAS, a fim de atender o p\u00fablico surdo.<\/p>\n\n\n\n<figure class=\"wp-block-embed-youtube wp-block-embed is-type-video is-provider-youtube wp-embed-aspect-16-9 wp-has-aspect-ratio\"><div class=\"wp-block-embed__wrapper\">\n<iframe loading=\"lazy\" title=\"4\u00ba Epis\u00f3dio do Podcast &quot;Dedin de Prosa&quot; - Vers\u00e3o em LIBRAS\" width=\"500\" height=\"281\" src=\"https:\/\/www.youtube.com\/embed\/u7m3pgOq5R4?feature=oembed\" frameborder=\"0\" allow=\"accelerometer; autoplay; encrypted-media; gyroscope; picture-in-picture\" allowfullscreen><\/iframe>\n<\/div><\/figure>\n","protected":false},"excerpt":{"rendered":"<p>J\u00e1 est\u00e1 dispon\u00edvel, no Canal do Youtube do Campus Bom Jesus da Lapa, o quarto epis\u00f3dio do \u201cDedin de Prosa\u201d com tradu\u00e7\u00e3o em LIBRAS, a fim de atender o p\u00fablico surdo.<\/p>\n","protected":false},"author":100,"featured_media":16271,"comment_status":"open","ping_status":"open","sticky":false,"template":"","format":"standard","meta":[],"categories":[64,24,65],"tags":[],"_links":{"self":[{"href":"https:\/\/www.ifbaiano.edu.br\/unidades\/lapa\/wp-json\/wp\/v2\/posts\/16388"}],"collection":[{"href":"https:\/\/www.ifbaiano.edu.br\/unidades\/lapa\/wp-json\/wp\/v2\/posts"}],"about":[{"href":"https:\/\/www.ifbaiano.edu.br\/unidades\/lapa\/wp-json\/wp\/v2\/types\/post"}],"author":[{"embeddable":true,"href":"https:\/\/www.ifbaiano.edu.br\/unidades\/lapa\/wp-json\/wp\/v2\/users\/100"}],"replies":[{"embeddable":true,"href":"https:\/\/www.ifbaiano.edu.br\/unidades\/lapa\/wp-json\/wp\/v2\/comments?post=16388"}],"version-history":[{"count":6,"href":"https:\/\/www.ifbaiano.edu.br\/unidades\/lapa\/wp-json\/wp\/v2\/posts\/16388\/revisions"}],"predecessor-version":[{"id":16474,"href":"https:\/\/www.ifbaiano.edu.br\/unidades\/lapa\/wp-json\/wp\/v2\/posts\/16388\/revisions\/16474"}],"wp:featuredmedia":[{"embeddable":true,"href":"https:\/\/www.ifbaiano.edu.br\/unidades\/lapa\/wp-json\/wp\/v2\/media\/16271"}],"wp:attachment":[{"href":"https:\/\/www.ifbaiano.edu.br\/unidades\/lapa\/wp-json\/wp\/v2\/media?parent=16388"}],"wp:term":[{"taxonomy":"category","embeddable":true,"href":"https:\/\/www.ifbaiano.edu.br\/unidades\/lapa\/wp-json\/wp\/v2\/categories?post=16388"},{"taxonomy":"post_tag","embeddable":true,"href":"https:\/\/www.ifbaiano.edu.br\/unidades\/lapa\/wp-json\/wp\/v2\/tags?post=16388"}],"curies":[{"name":"wp","href":"https:\/\/api.w.org\/{rel}","templated":true}]}}