{"id":16401,"date":"2020-07-13T13:46:15","date_gmt":"2020-07-13T16:46:15","guid":{"rendered":"https:\/\/www.ifbaiano.edu.br\/unidades\/lapa\/?p=16401"},"modified":"2020-07-13T13:46:43","modified_gmt":"2020-07-13T16:46:43","slug":"resultado-final-da-selecao-de-estudantes-para-o-auxilio-emergencial","status":"publish","type":"post","link":"https:\/\/www.ifbaiano.edu.br\/unidades\/lapa\/2020\/07\/13\/resultado-final-da-selecao-de-estudantes-para-o-auxilio-emergencial\/","title":{"rendered":"Resultado Final da sele\u00e7\u00e3o de estudantes para o Aux\u00edlio Emergencial"},"content":{"rendered":"\n<p>O diretor-geral do IF Baiano \u2013&nbsp;<em>Campus<\/em>&nbsp;Bom Jesus da Lapa torna o p\u00fablico o resultado final da sele\u00e7\u00e3o de estudantes para o Aux\u00edlio Emergencial,&nbsp;&nbsp;em raz\u00e3o da pandemia causada pela Covid-19, autorizado conforme Resolu\u00e7\u00e3o CONSUP n\u00ba 71\/2020, de&nbsp;23 de&nbsp;junho&nbsp;de 2020.&nbsp;<\/p>\n\n\n\n<p>A sele\u00e7\u00e3o foi realizada pela Comiss\u00e3o Local de Assist\u00eancia Estudantil e o resultado final foi homologado pela dire\u00e7\u00e3o-geral\u00a0atrav\u00e9s da\u00a0Portaria 44\/2020, de\u00a013 de julho\u00a0de 2020.<\/p>\n\n\n\n<div class=\"wp-block-file\"><a href=\"https:\/\/www.ifbaiano.edu.br\/unidades\/lapa\/files\/2020\/07\/Resultado_Final-Auxilio_Emergencial_Extraordinario.pdf\">Resultado Final &#8211; Aux\u00edlio Emergencial Extraordin\u00e1rio<\/a><\/div>\n\n\n\n<div class=\"wp-block-file\"><a href=\"https:\/\/www.ifbaiano.edu.br\/unidades\/lapa\/files\/2020\/07\/PORTARIA_44_2020_-_BJL-GAB.pdf\">PORTARIA 44\/2020 \u2013 BJL-GAB \u2013 Homologa\u00e7\u00e3o do Resultado Final da Sele\u00e7\u00e3o de Estudantes ao Aux\u00edlio Emergencial Extraordin\u00e1rio<\/a><\/div>\n","protected":false},"excerpt":{"rendered":"<p>O diretor-geral do IF Baiano \u2013&nbsp;Campus&nbsp;Bom Jesus da Lapa torna o p\u00fablico o resultado final da sele\u00e7\u00e3o de estudantes para o Aux\u00edlio Emergencial,&nbsp;&nbsp;em raz\u00e3o da pandemia causada pela Covid-19, autorizado conforme Resolu\u00e7\u00e3o CONSUP n\u00ba 71\/2020, de&nbsp;23 de&nbsp;junho&nbsp;de 2020.&nbsp; A sele\u00e7\u00e3o foi realizada pela Comiss\u00e3o Local de Assist\u00eancia Estudantil e o resultado final foi homologado pela [&hellip;]<\/p>\n","protected":false},"author":100,"featured_media":0,"comment_status":"open","ping_status":"open","sticky":false,"template":"","format":"standard","meta":[],"categories":[32,64,24,65],"tags":[],"_links":{"self":[{"href":"https:\/\/www.ifbaiano.edu.br\/unidades\/lapa\/wp-json\/wp\/v2\/posts\/16401"}],"collection":[{"href":"https:\/\/www.ifbaiano.edu.br\/unidades\/lapa\/wp-json\/wp\/v2\/posts"}],"about":[{"href":"https:\/\/www.ifbaiano.edu.br\/unidades\/lapa\/wp-json\/wp\/v2\/types\/post"}],"author":[{"embeddable":true,"href":"https:\/\/www.ifbaiano.edu.br\/unidades\/lapa\/wp-json\/wp\/v2\/users\/100"}],"replies":[{"embeddable":true,"href":"https:\/\/www.ifbaiano.edu.br\/unidades\/lapa\/wp-json\/wp\/v2\/comments?post=16401"}],"version-history":[{"count":2,"href":"https:\/\/www.ifbaiano.edu.br\/unidades\/lapa\/wp-json\/wp\/v2\/posts\/16401\/revisions"}],"predecessor-version":[{"id":16405,"href":"https:\/\/www.ifbaiano.edu.br\/unidades\/lapa\/wp-json\/wp\/v2\/posts\/16401\/revisions\/16405"}],"wp:attachment":[{"href":"https:\/\/www.ifbaiano.edu.br\/unidades\/lapa\/wp-json\/wp\/v2\/media?parent=16401"}],"wp:term":[{"taxonomy":"category","embeddable":true,"href":"https:\/\/www.ifbaiano.edu.br\/unidades\/lapa\/wp-json\/wp\/v2\/categories?post=16401"},{"taxonomy":"post_tag","embeddable":true,"href":"https:\/\/www.ifbaiano.edu.br\/unidades\/lapa\/wp-json\/wp\/v2\/tags?post=16401"}],"curies":[{"name":"wp","href":"https:\/\/api.w.org\/{rel}","templated":true}]}}