{"id":16421,"date":"2020-07-14T11:26:00","date_gmt":"2020-07-14T14:26:00","guid":{"rendered":"https:\/\/www.ifbaiano.edu.br\/unidades\/lapa\/?p=16421"},"modified":"2020-07-15T10:12:40","modified_gmt":"2020-07-15T13:12:40","slug":"resultado-sisu-2020-2","status":"publish","type":"post","link":"https:\/\/www.ifbaiano.edu.br\/unidades\/lapa\/2020\/07\/14\/resultado-sisu-2020-2\/","title":{"rendered":"Resultado SiSU 2020.2"},"content":{"rendered":"\n<p>Saiu o resultado do SiSU 2020.2. O resultado est\u00e1 dispon\u00edvel em <a href=\"https:\/\/concurso.ifbaiano.edu.br\/portal\/sisu20202\/\">sisu.ifbaiano.edu.br<\/a>, bem como o edital de matr\u00edcula.<br> O per\u00edodo de matr\u00edcula ser\u00e1 de 16 a 21 de julho e ser\u00e1 realizada de forma exclusivamente eletr\u00f4nica.<\/p>\n\n\n\n<p><a href=\"https:\/\/ifbaiano.edu.br\/portal\/blog\/2020\/07\/14\/divulgada-lista-de-selecionados-em-cursos-do-if-baiano-via-sisu\/\">Lista de selecionados em cursos de gradua\u00e7\u00e3o via SiSU <\/a><\/p>\n\n\n\n<figure class=\"wp-block-image size-large\"><img decoding=\"async\" loading=\"lazy\" width=\"1080\" height=\"1080\" src=\"https:\/\/www.ifbaiano.edu.br\/unidades\/lapa\/files\/2020\/07\/card-sisu-2020-2-SAIU-RESULTADO.png\" alt=\"\" class=\"wp-image-16422\" \/><\/figure>\n","protected":false},"excerpt":{"rendered":"<p>Saiu o resultado do SiSU 2020.2. O resultado est\u00e1 dispon\u00edvel em sisu.ifbaiano.edu.br, bem como o edital de matr\u00edcula. O per\u00edodo de matr\u00edcula ser\u00e1 de 16 a 21 de julho e ser\u00e1 realizada de forma exclusivamente eletr\u00f4nica. Lista de selecionados em cursos de gradua\u00e7\u00e3o via SiSU<\/p>\n","protected":false},"author":100,"featured_media":16422,"comment_status":"open","ping_status":"open","sticky":false,"template":"","format":"standard","meta":[],"categories":[64,24,73,70,65],"tags":[],"_links":{"self":[{"href":"https:\/\/www.ifbaiano.edu.br\/unidades\/lapa\/wp-json\/wp\/v2\/posts\/16421"}],"collection":[{"href":"https:\/\/www.ifbaiano.edu.br\/unidades\/lapa\/wp-json\/wp\/v2\/posts"}],"about":[{"href":"https:\/\/www.ifbaiano.edu.br\/unidades\/lapa\/wp-json\/wp\/v2\/types\/post"}],"author":[{"embeddable":true,"href":"https:\/\/www.ifbaiano.edu.br\/unidades\/lapa\/wp-json\/wp\/v2\/users\/100"}],"replies":[{"embeddable":true,"href":"https:\/\/www.ifbaiano.edu.br\/unidades\/lapa\/wp-json\/wp\/v2\/comments?post=16421"}],"version-history":[{"count":6,"href":"https:\/\/www.ifbaiano.edu.br\/unidades\/lapa\/wp-json\/wp\/v2\/posts\/16421\/revisions"}],"predecessor-version":[{"id":16447,"href":"https:\/\/www.ifbaiano.edu.br\/unidades\/lapa\/wp-json\/wp\/v2\/posts\/16421\/revisions\/16447"}],"wp:featuredmedia":[{"embeddable":true,"href":"https:\/\/www.ifbaiano.edu.br\/unidades\/lapa\/wp-json\/wp\/v2\/media\/16422"}],"wp:attachment":[{"href":"https:\/\/www.ifbaiano.edu.br\/unidades\/lapa\/wp-json\/wp\/v2\/media?parent=16421"}],"wp:term":[{"taxonomy":"category","embeddable":true,"href":"https:\/\/www.ifbaiano.edu.br\/unidades\/lapa\/wp-json\/wp\/v2\/categories?post=16421"},{"taxonomy":"post_tag","embeddable":true,"href":"https:\/\/www.ifbaiano.edu.br\/unidades\/lapa\/wp-json\/wp\/v2\/tags?post=16421"}],"curies":[{"name":"wp","href":"https:\/\/api.w.org\/{rel}","templated":true}]}}