{"id":16441,"date":"2020-07-14T18:27:42","date_gmt":"2020-07-14T21:27:42","guid":{"rendered":"https:\/\/www.ifbaiano.edu.br\/unidades\/lapa\/?p=16441"},"modified":"2020-07-14T18:27:42","modified_gmt":"2020-07-14T21:27:42","slug":"prorrogacao-do-auxilio-financeiro-emergencial-e-inclusao-de-estudantes-da-lista-de-espera","status":"publish","type":"post","link":"https:\/\/www.ifbaiano.edu.br\/unidades\/lapa\/2020\/07\/14\/prorrogacao-do-auxilio-financeiro-emergencial-e-inclusao-de-estudantes-da-lista-de-espera\/","title":{"rendered":"Prorroga\u00e7\u00e3o do aux\u00edlio financeiro emergencial e inclus\u00e3o de estudantes da lista de espera"},"content":{"rendered":"\n<p>Dire\u00e7\u00e3o-Geral do&nbsp;<em>Campus<\/em>&nbsp;Bom Jesus da Lapa torna p\u00fablica a prorroga\u00e7\u00e3o do aux\u00edlio financeiro emergencial,&nbsp; autorizado conforme Resolu\u00e7\u00e3o CONSUP n\u00ba 65\/2020, de&nbsp;27 de abril de 2020,&nbsp; e a&nbsp;inclus\u00e3o de 87 (oitenta e sete) estudantes da lista de espera apresentada pela&nbsp;Comiss\u00e3o Local de Assist\u00eancia Estudantil&nbsp;deste <em>Campus.<\/em><br>O aux\u00edlio emergencial ser\u00e1 prorrogado para pagamento em mais 02 (dois) meses (julho e agosto).<\/p>\n<p>Os novos&nbsp;estudantes contemplados na inclus\u00e3o dever\u00e3o apresentar os dados banc\u00e1rios e o n\u00famero do CPF por meio do e-mail: cae@lapa.ifbaiano.edu.br&nbsp; ou pelo <em>Whatsapp<\/em> da CAE: (77) 98101-4162, no&nbsp;per\u00edodo de 15 a 22 de julho de 2020.<\/p>\n<div class=\"wp-block-file\"><a href=\"https:\/\/www.ifbaiano.edu.br\/unidades\/lapa\/files\/2020\/07\/Inclusao_de_Discentes_da_lista_de_espera_-_Auxilio_Emergencial_-_Res_65-2020.pdf\">Inclus\u00e3o de Discentes da lista de espera &#8211; Aux\u00edlio Emergencial<\/a><\/div>\n<div class=\"wp-block-file\"><a href=\"https:\/\/www.ifbaiano.edu.br\/unidades\/lapa\/files\/2020\/07\/PORTARIA_45-2020.pdf\">Portaria 45\/2020<\/a><\/div>\n","protected":false},"excerpt":{"rendered":"<p>Dire\u00e7\u00e3o-Geral do&nbsp;Campus&nbsp;Bom Jesus da Lapa torna p\u00fablica a prorroga\u00e7\u00e3o do aux\u00edlio financeiro emergencial,&nbsp; autorizado conforme Resolu\u00e7\u00e3o CONSUP n\u00ba 65\/2020, de&nbsp;27 de abril de 2020,&nbsp; e a&nbsp;inclus\u00e3o de 87 (oitenta e sete) estudantes da lista de espera apresentada pela&nbsp;Comiss\u00e3o Local de Assist\u00eancia Estudantil&nbsp;deste Campus.O aux\u00edlio emergencial ser\u00e1 prorrogado para pagamento em mais 02 (dois) meses (julho [&hellip;]<\/p>\n","protected":false},"author":100,"featured_media":0,"comment_status":"open","ping_status":"open","sticky":false,"template":"","format":"standard","meta":[],"categories":[25,32,64,24,65],"tags":[],"_links":{"self":[{"href":"https:\/\/www.ifbaiano.edu.br\/unidades\/lapa\/wp-json\/wp\/v2\/posts\/16441"}],"collection":[{"href":"https:\/\/www.ifbaiano.edu.br\/unidades\/lapa\/wp-json\/wp\/v2\/posts"}],"about":[{"href":"https:\/\/www.ifbaiano.edu.br\/unidades\/lapa\/wp-json\/wp\/v2\/types\/post"}],"author":[{"embeddable":true,"href":"https:\/\/www.ifbaiano.edu.br\/unidades\/lapa\/wp-json\/wp\/v2\/users\/100"}],"replies":[{"embeddable":true,"href":"https:\/\/www.ifbaiano.edu.br\/unidades\/lapa\/wp-json\/wp\/v2\/comments?post=16441"}],"version-history":[{"count":2,"href":"https:\/\/www.ifbaiano.edu.br\/unidades\/lapa\/wp-json\/wp\/v2\/posts\/16441\/revisions"}],"predecessor-version":[{"id":16443,"href":"https:\/\/www.ifbaiano.edu.br\/unidades\/lapa\/wp-json\/wp\/v2\/posts\/16441\/revisions\/16443"}],"wp:attachment":[{"href":"https:\/\/www.ifbaiano.edu.br\/unidades\/lapa\/wp-json\/wp\/v2\/media?parent=16441"}],"wp:term":[{"taxonomy":"category","embeddable":true,"href":"https:\/\/www.ifbaiano.edu.br\/unidades\/lapa\/wp-json\/wp\/v2\/categories?post=16441"},{"taxonomy":"post_tag","embeddable":true,"href":"https:\/\/www.ifbaiano.edu.br\/unidades\/lapa\/wp-json\/wp\/v2\/tags?post=16441"}],"curies":[{"name":"wp","href":"https:\/\/api.w.org\/{rel}","templated":true}]}}