{"id":16449,"date":"2020-07-16T13:42:15","date_gmt":"2020-07-16T16:42:15","guid":{"rendered":"https:\/\/www.ifbaiano.edu.br\/unidades\/lapa\/?p=16449"},"modified":"2020-07-24T14:44:37","modified_gmt":"2020-07-24T17:44:37","slug":"live-no-facebook-sobre-matricula-sisu-2020-2","status":"publish","type":"post","link":"https:\/\/www.ifbaiano.edu.br\/unidades\/lapa\/2020\/07\/16\/live-no-facebook-sobre-matricula-sisu-2020-2\/","title":{"rendered":"Live no Facebook sobre Matr\u00edcula SiSU 2020.2"},"content":{"rendered":"\n<p>O IF Baiano Campus Bom Jesus da Lapa, ciente do seu compromisso social, convida todos os estudantes contemplados no Edital n\u00ba 81 de 25 de junho de 2020, que tornou p\u00fablico o Processo seletivo atrav\u00e9s do Sistema de Sele\u00e7\u00e3o Unificada (SiSU ) a participarem da Live 02 SISU 2020.2, que ocorrer\u00e1 no dia 17\/07\/2020, as 15:00 hs na nossa pagina oficial no Facebook. Ofertaremos esclarecimentos acerca do Edital n\u00ba 91, de 10 de julho de 2020, que convoca para MATR\u00cdCULA em chamada regular os candidatos(as) aprovados(as) nos cursos de gradua\u00e7\u00e3o ofertados pelo Instituto Federal de Educa\u00e7\u00e3o Ci\u00eancia e Tecnologia Baiano, para ingresso no 2\u00ba semestre de 2020.<\/p>\n<p><strong>Data:<\/strong> 17\/07\/2020<br>\n<strong>Hor\u00e1rio:<\/strong> 15 horas<br>\n<strong>Informante:<\/strong> Jorge Abdon<br>\n<strong>Mediador:<\/strong> Emerson Alves<br>\n<strong>Interpretes de LIBRAS:<\/strong><br>\n\nLuciana Pereira &#8211; <i>Campus<\/i> Bom Jesus da Lapa<br>\nJoat\u00e3 Mota &#8211; Reitoria<br>\nMarisa Tom\u00e9 &#8211; <i>Campus<\/i> Santa In\u00eas\n<\/p>\n\n\n\n<figure class=\"wp-block-embed-youtube wp-block-embed is-type-video is-provider-youtube wp-embed-aspect-16-9 wp-has-aspect-ratio\"><div class=\"wp-block-embed__wrapper\">\n<iframe loading=\"lazy\" title=\"Live sobre Matr\u00edcula SiSU 2020.2 - 17\/07\/2020\" width=\"500\" height=\"281\" src=\"https:\/\/www.youtube.com\/embed\/qfK0SoCG5qM?feature=oembed\" frameborder=\"0\" allow=\"accelerometer; autoplay; encrypted-media; gyroscope; picture-in-picture\" allowfullscreen><\/iframe>\n<\/div><\/figure>\n","protected":false},"excerpt":{"rendered":"<p>O IF Baiano Campus Bom Jesus da Lapa, ciente do seu compromisso social, convida todos os estudantes contemplados no Edital n\u00ba 81 de 25 de junho de 2020, que tornou p\u00fablico o Processo seletivo atrav\u00e9s do Sistema de Sele\u00e7\u00e3o Unificada (SiSU ) a participarem da Live 02 SISU 2020.2, que ocorrer\u00e1 no dia 17\/07\/2020, as [&hellip;]<\/p>\n","protected":false},"author":100,"featured_media":16452,"comment_status":"open","ping_status":"open","sticky":false,"template":"","format":"standard","meta":[],"categories":[64,26,24,73,70,65],"tags":[],"_links":{"self":[{"href":"https:\/\/www.ifbaiano.edu.br\/unidades\/lapa\/wp-json\/wp\/v2\/posts\/16449"}],"collection":[{"href":"https:\/\/www.ifbaiano.edu.br\/unidades\/lapa\/wp-json\/wp\/v2\/posts"}],"about":[{"href":"https:\/\/www.ifbaiano.edu.br\/unidades\/lapa\/wp-json\/wp\/v2\/types\/post"}],"author":[{"embeddable":true,"href":"https:\/\/www.ifbaiano.edu.br\/unidades\/lapa\/wp-json\/wp\/v2\/users\/100"}],"replies":[{"embeddable":true,"href":"https:\/\/www.ifbaiano.edu.br\/unidades\/lapa\/wp-json\/wp\/v2\/comments?post=16449"}],"version-history":[{"count":14,"href":"https:\/\/www.ifbaiano.edu.br\/unidades\/lapa\/wp-json\/wp\/v2\/posts\/16449\/revisions"}],"predecessor-version":[{"id":16640,"href":"https:\/\/www.ifbaiano.edu.br\/unidades\/lapa\/wp-json\/wp\/v2\/posts\/16449\/revisions\/16640"}],"wp:featuredmedia":[{"embeddable":true,"href":"https:\/\/www.ifbaiano.edu.br\/unidades\/lapa\/wp-json\/wp\/v2\/media\/16452"}],"wp:attachment":[{"href":"https:\/\/www.ifbaiano.edu.br\/unidades\/lapa\/wp-json\/wp\/v2\/media?parent=16449"}],"wp:term":[{"taxonomy":"category","embeddable":true,"href":"https:\/\/www.ifbaiano.edu.br\/unidades\/lapa\/wp-json\/wp\/v2\/categories?post=16449"},{"taxonomy":"post_tag","embeddable":true,"href":"https:\/\/www.ifbaiano.edu.br\/unidades\/lapa\/wp-json\/wp\/v2\/tags?post=16449"}],"curies":[{"name":"wp","href":"https:\/\/api.w.org\/{rel}","templated":true}]}}