{"id":16469,"date":"2020-07-17T17:06:43","date_gmt":"2020-07-17T20:06:43","guid":{"rendered":"https:\/\/www.ifbaiano.edu.br\/unidades\/lapa\/?p=16469"},"modified":"2020-07-24T14:25:02","modified_gmt":"2020-07-24T17:25:02","slug":"quinto-episodio-do-dedin-de-prosa-em-libras","status":"publish","type":"post","link":"https:\/\/www.ifbaiano.edu.br\/unidades\/lapa\/2020\/07\/17\/quinto-episodio-do-dedin-de-prosa-em-libras\/","title":{"rendered":"Quinto epis\u00f3dio do \u201cDedin de Prosa\u201d em LIBRAS"},"content":{"rendered":"\n<p>J\u00e1 est\u00e1 dispon\u00edvel, no Canal do Youtube do <em>Campus<\/em> Bom Jesus da Lapa, o quinto epis\u00f3dio do \u201cDedin de Prosa\u201d com tradu\u00e7\u00e3o em LIBRAS, a fim de atender o p\u00fablico surdo.<\/p>\n\n\n\n<figure class=\"wp-block-embed-youtube wp-block-embed is-type-video is-provider-youtube wp-embed-aspect-16-9 wp-has-aspect-ratio\"><div class=\"wp-block-embed__wrapper\">\n<iframe loading=\"lazy\" title=\"5\u00ba Epis\u00f3dio do Podcast &quot;Dedin de Prosa&quot; - Vers\u00e3o em LIBRAS\" width=\"500\" height=\"281\" src=\"https:\/\/www.youtube.com\/embed\/0C446EcslyY?feature=oembed\" frameborder=\"0\" allow=\"accelerometer; autoplay; encrypted-media; gyroscope; picture-in-picture\" allowfullscreen><\/iframe>\n<\/div><\/figure>\n","protected":false},"excerpt":{"rendered":"<p>J\u00e1 est\u00e1 dispon\u00edvel, no Canal do Youtube do Campus Bom Jesus da Lapa, o quinto epis\u00f3dio do \u201cDedin de Prosa\u201d com tradu\u00e7\u00e3o em LIBRAS, a fim de atender o p\u00fablico surdo.<\/p>\n","protected":false},"author":100,"featured_media":16271,"comment_status":"open","ping_status":"open","sticky":false,"template":"","format":"standard","meta":[],"categories":[64,24,40,65],"tags":[],"_links":{"self":[{"href":"https:\/\/www.ifbaiano.edu.br\/unidades\/lapa\/wp-json\/wp\/v2\/posts\/16469"}],"collection":[{"href":"https:\/\/www.ifbaiano.edu.br\/unidades\/lapa\/wp-json\/wp\/v2\/posts"}],"about":[{"href":"https:\/\/www.ifbaiano.edu.br\/unidades\/lapa\/wp-json\/wp\/v2\/types\/post"}],"author":[{"embeddable":true,"href":"https:\/\/www.ifbaiano.edu.br\/unidades\/lapa\/wp-json\/wp\/v2\/users\/100"}],"replies":[{"embeddable":true,"href":"https:\/\/www.ifbaiano.edu.br\/unidades\/lapa\/wp-json\/wp\/v2\/comments?post=16469"}],"version-history":[{"count":7,"href":"https:\/\/www.ifbaiano.edu.br\/unidades\/lapa\/wp-json\/wp\/v2\/posts\/16469\/revisions"}],"predecessor-version":[{"id":16635,"href":"https:\/\/www.ifbaiano.edu.br\/unidades\/lapa\/wp-json\/wp\/v2\/posts\/16469\/revisions\/16635"}],"wp:featuredmedia":[{"embeddable":true,"href":"https:\/\/www.ifbaiano.edu.br\/unidades\/lapa\/wp-json\/wp\/v2\/media\/16271"}],"wp:attachment":[{"href":"https:\/\/www.ifbaiano.edu.br\/unidades\/lapa\/wp-json\/wp\/v2\/media?parent=16469"}],"wp:term":[{"taxonomy":"category","embeddable":true,"href":"https:\/\/www.ifbaiano.edu.br\/unidades\/lapa\/wp-json\/wp\/v2\/categories?post=16469"},{"taxonomy":"post_tag","embeddable":true,"href":"https:\/\/www.ifbaiano.edu.br\/unidades\/lapa\/wp-json\/wp\/v2\/tags?post=16469"}],"curies":[{"name":"wp","href":"https:\/\/api.w.org\/{rel}","templated":true}]}}