{"id":16479,"date":"2020-07-18T15:15:09","date_gmt":"2020-07-18T18:15:09","guid":{"rendered":"https:\/\/www.ifbaiano.edu.br\/unidades\/lapa\/?p=16479"},"modified":"2020-07-18T15:19:22","modified_gmt":"2020-07-18T18:19:22","slug":"nota-de-pesar-4","status":"publish","type":"post","link":"https:\/\/www.ifbaiano.edu.br\/unidades\/lapa\/2020\/07\/18\/nota-de-pesar-4\/","title":{"rendered":"Nota de Pesar"},"content":{"rendered":"\n<p>O IF Baiano &#8211; Campus Bom \nJesus da Lapa lamenta profundamente o falecimento de Durvalino \nVasconcelos Nunes, que concluiu o curso de Produ\u00e7\u00e3o&nbsp;de Pequenos Ruminantes (forma\u00e7\u00e3o continuada) em 2019, neste&nbsp;Campus.\n Iniciou o curso de especializa\u00e7\u00e3o em Inova\u00e7\u00e3o Social, no ano 2015, \nentretanto n\u00e3o chegou a conclu\u00ed-lo. Motivado pelas discuss\u00f5es sobre \nassociativismo e cooperativismo, foi idealizador da Cooperativa de Serra\n do Ramalho (COOPRASERRA)&nbsp;em parceria com&nbsp;o IF Baiano &#8211; Campus Bom Jesus\n da Lapa, entre os anos de 2013 a 2015. <\/p>\n\n\n\n<p>Durvalino&nbsp;foi v\u00edtima de acidente de autom\u00f3vel, ocorrido na \u00faltima sexta-feira (17\/07), na&nbsp;cidade de Barreiras. O vel\u00f3rio&nbsp;ser\u00e1 realizado a partir das 13h at\u00e9 \u00e0s 20h de hoje,&nbsp;no memorial Senhor do Bonfim, em Barreiras. O corpo ser\u00e1 cremado no cremat\u00f3rio de Formosa de Goi\u00e1s.<\/p>\n\n\n\n<p>Expressamos nossas sinceras condol\u00eancias a seus familiares, colegas de trabalho e amigos, por esta inestim\u00e1vel perda.<\/p>\n","protected":false},"excerpt":{"rendered":"<p>O IF Baiano &#8211; Campus Bom Jesus da Lapa lamenta profundamente o falecimento de Durvalino Vasconcelos Nunes, que concluiu o curso de Produ\u00e7\u00e3o&nbsp;de Pequenos Ruminantes (forma\u00e7\u00e3o continuada) em 2019, neste&nbsp;Campus. Iniciou o curso de especializa\u00e7\u00e3o em Inova\u00e7\u00e3o Social, no ano 2015, entretanto n\u00e3o chegou a conclu\u00ed-lo. Motivado pelas discuss\u00f5es sobre associativismo e cooperativismo, foi idealizador [&hellip;]<\/p>\n","protected":false},"author":100,"featured_media":0,"comment_status":"open","ping_status":"open","sticky":false,"template":"","format":"standard","meta":[],"categories":[64,24,65],"tags":[],"_links":{"self":[{"href":"https:\/\/www.ifbaiano.edu.br\/unidades\/lapa\/wp-json\/wp\/v2\/posts\/16479"}],"collection":[{"href":"https:\/\/www.ifbaiano.edu.br\/unidades\/lapa\/wp-json\/wp\/v2\/posts"}],"about":[{"href":"https:\/\/www.ifbaiano.edu.br\/unidades\/lapa\/wp-json\/wp\/v2\/types\/post"}],"author":[{"embeddable":true,"href":"https:\/\/www.ifbaiano.edu.br\/unidades\/lapa\/wp-json\/wp\/v2\/users\/100"}],"replies":[{"embeddable":true,"href":"https:\/\/www.ifbaiano.edu.br\/unidades\/lapa\/wp-json\/wp\/v2\/comments?post=16479"}],"version-history":[{"count":3,"href":"https:\/\/www.ifbaiano.edu.br\/unidades\/lapa\/wp-json\/wp\/v2\/posts\/16479\/revisions"}],"predecessor-version":[{"id":16482,"href":"https:\/\/www.ifbaiano.edu.br\/unidades\/lapa\/wp-json\/wp\/v2\/posts\/16479\/revisions\/16482"}],"wp:attachment":[{"href":"https:\/\/www.ifbaiano.edu.br\/unidades\/lapa\/wp-json\/wp\/v2\/media?parent=16479"}],"wp:term":[{"taxonomy":"category","embeddable":true,"href":"https:\/\/www.ifbaiano.edu.br\/unidades\/lapa\/wp-json\/wp\/v2\/categories?post=16479"},{"taxonomy":"post_tag","embeddable":true,"href":"https:\/\/www.ifbaiano.edu.br\/unidades\/lapa\/wp-json\/wp\/v2\/tags?post=16479"}],"curies":[{"name":"wp","href":"https:\/\/api.w.org\/{rel}","templated":true}]}}