{"id":16484,"date":"2020-07-21T21:11:05","date_gmt":"2020-07-22T00:11:05","guid":{"rendered":"https:\/\/www.ifbaiano.edu.br\/unidades\/lapa\/?p=16484"},"modified":"2020-07-21T21:15:18","modified_gmt":"2020-07-22T00:15:18","slug":"bate-papo-com-a-agricultura-e-informatica-subsequente","status":"publish","type":"post","link":"https:\/\/www.ifbaiano.edu.br\/unidades\/lapa\/2020\/07\/21\/bate-papo-com-a-agricultura-e-informatica-subsequente\/","title":{"rendered":"Bate-papo com a agricultura e inform\u00e1tica subsequente"},"content":{"rendered":"\n<p>Tema: Como a pandemia do coronav\u00edrus afeta a nossa sa\u00fade mental?<br>Debatedora: Aline Soares \u2013 Psic\u00f3loga do Campus Bom Jesus da Lapa<br>Organiza\u00e7\u00e3o:<br>Ana Carla Moura (Coordena\u00e7\u00e3o de Inform\u00e1tica Subsequente)<br>Fabiana Santos (Coordena\u00e7\u00e3o de Agricultura Subsequente)<br>Valdineia Antunes (NUAPE)<br>Int\u00e9rpretes de LIBRAS:<br>Luciana Cardial \u2013 Campus Bom Jesus da Lapa<br>Juliana Schmidt \u2013 Campus Alagoinhas<br>Data: 23\/07\/2020<br>Hor\u00e1rio: 19 horas<br>Link de acesso: <a rel=\"noreferrer noopener\" target=\"_blank\" href=\"https:\/\/conferenciaweb.rnp.br\/webconf\/valdineia-antunes-alves-ramos\">https:\/\/conferenciaweb.rnp.br\/webconf\/valdineia-antunes-alves-ramos<\/a><\/p>\n\n\n\n<figure class=\"wp-block-image size-large\"><img decoding=\"async\" loading=\"lazy\" width=\"1080\" height=\"1080\" src=\"https:\/\/www.ifbaiano.edu.br\/unidades\/lapa\/files\/2020\/07\/card-saude-mental-lapa-23-07-2020.png\" alt=\"\" class=\"wp-image-16483\" \/><figcaption>Bate-papo virtal com Agricultura e Inform\u00e1tica Subsequente<\/figcaption><\/figure>\n","protected":false},"excerpt":{"rendered":"<p>Tema: Como a pandemia do coronav\u00edrus afeta a nossa sa\u00fade mental?Debatedora: Aline Soares \u2013 Psic\u00f3loga do Campus Bom Jesus da LapaOrganiza\u00e7\u00e3o:Ana Carla Moura (Coordena\u00e7\u00e3o de Inform\u00e1tica Subsequente)Fabiana Santos (Coordena\u00e7\u00e3o de Agricultura Subsequente)Valdineia Antunes (NUAPE)Int\u00e9rpretes de LIBRAS:Luciana Cardial \u2013 Campus Bom Jesus da LapaJuliana Schmidt \u2013 Campus AlagoinhasData: 23\/07\/2020Hor\u00e1rio: 19 horasLink de acesso: https:\/\/conferenciaweb.rnp.br\/webconf\/valdineia-antunes-alves-ramos<\/p>\n","protected":false},"author":100,"featured_media":16483,"comment_status":"open","ping_status":"open","sticky":false,"template":"","format":"standard","meta":[],"categories":[64,24,69,65],"tags":[],"_links":{"self":[{"href":"https:\/\/www.ifbaiano.edu.br\/unidades\/lapa\/wp-json\/wp\/v2\/posts\/16484"}],"collection":[{"href":"https:\/\/www.ifbaiano.edu.br\/unidades\/lapa\/wp-json\/wp\/v2\/posts"}],"about":[{"href":"https:\/\/www.ifbaiano.edu.br\/unidades\/lapa\/wp-json\/wp\/v2\/types\/post"}],"author":[{"embeddable":true,"href":"https:\/\/www.ifbaiano.edu.br\/unidades\/lapa\/wp-json\/wp\/v2\/users\/100"}],"replies":[{"embeddable":true,"href":"https:\/\/www.ifbaiano.edu.br\/unidades\/lapa\/wp-json\/wp\/v2\/comments?post=16484"}],"version-history":[{"count":2,"href":"https:\/\/www.ifbaiano.edu.br\/unidades\/lapa\/wp-json\/wp\/v2\/posts\/16484\/revisions"}],"predecessor-version":[{"id":16486,"href":"https:\/\/www.ifbaiano.edu.br\/unidades\/lapa\/wp-json\/wp\/v2\/posts\/16484\/revisions\/16486"}],"wp:featuredmedia":[{"embeddable":true,"href":"https:\/\/www.ifbaiano.edu.br\/unidades\/lapa\/wp-json\/wp\/v2\/media\/16483"}],"wp:attachment":[{"href":"https:\/\/www.ifbaiano.edu.br\/unidades\/lapa\/wp-json\/wp\/v2\/media?parent=16484"}],"wp:term":[{"taxonomy":"category","embeddable":true,"href":"https:\/\/www.ifbaiano.edu.br\/unidades\/lapa\/wp-json\/wp\/v2\/categories?post=16484"},{"taxonomy":"post_tag","embeddable":true,"href":"https:\/\/www.ifbaiano.edu.br\/unidades\/lapa\/wp-json\/wp\/v2\/tags?post=16484"}],"curies":[{"name":"wp","href":"https:\/\/api.w.org\/{rel}","templated":true}]}}