{"id":16608,"date":"2020-07-24T09:14:23","date_gmt":"2020-07-24T12:14:23","guid":{"rendered":"https:\/\/www.ifbaiano.edu.br\/unidades\/lapa\/?p=16608"},"modified":"2020-07-24T09:19:16","modified_gmt":"2020-07-24T12:19:16","slug":"sexto-episodio-do-dedin-de-prosa","status":"publish","type":"post","link":"https:\/\/www.ifbaiano.edu.br\/unidades\/lapa\/2020\/07\/24\/sexto-episodio-do-dedin-de-prosa\/","title":{"rendered":"Sexto Epis\u00f3dio do \u201cDedin de Prosa\u201d"},"content":{"rendered":"<p>No sexto epis\u00f3dio do &#8220;Dedin de Prosa&#8221;, o servidor Wilder Machado destaca a import\u00e2ncia da seguran\u00e7a da informa\u00e7\u00e3o e apresenta dicas de cuidados que devemos ter com a defini\u00e7\u00e3o e guarda de senhas.<\/p>\n<p>Clique na imagem abaixo para acessar o podcast.<\/p>\n<figure class=\"wp-block-image size-large\"><a href=\"https:\/\/anchor.fm\/dedin-de-prosa\/episodes\/Episdio-6---Segurana-da-Informao-eh662p\/a-a5g0o6\" target=\"_blank\" rel=\"noopener noreferrer\"><img decoding=\"async\" loading=\"lazy\" width=\"1080\" height=\"1080\" src=\"https:\/\/www.ifbaiano.edu.br\/unidades\/lapa\/files\/2020\/06\/dedin-de-prosa-lapa-itapetinga.png\" alt=\"Quinto epis\u00f3dio do Dedin de Prosa\" class=\"wp-image-16271\"><\/a><figcaption>Dedin de Prosa<\/figcaption><\/figure>\n","protected":false},"excerpt":{"rendered":"<p>No sexto epis\u00f3dio do &#8220;Dedin de Prosa&#8221;, o servidor Wilder Machado destaca a import\u00e2ncia da seguran\u00e7a da informa\u00e7\u00e3o e apresenta dicas de cuidados que devemos ter com a defini\u00e7\u00e3o e guarda de senhas. Clique na imagem abaixo para acessar o podcast. Dedin de Prosa<\/p>\n","protected":false},"author":100,"featured_media":16271,"comment_status":"open","ping_status":"open","sticky":false,"template":"","format":"standard","meta":[],"categories":[64,24,40,65],"tags":[],"_links":{"self":[{"href":"https:\/\/www.ifbaiano.edu.br\/unidades\/lapa\/wp-json\/wp\/v2\/posts\/16608"}],"collection":[{"href":"https:\/\/www.ifbaiano.edu.br\/unidades\/lapa\/wp-json\/wp\/v2\/posts"}],"about":[{"href":"https:\/\/www.ifbaiano.edu.br\/unidades\/lapa\/wp-json\/wp\/v2\/types\/post"}],"author":[{"embeddable":true,"href":"https:\/\/www.ifbaiano.edu.br\/unidades\/lapa\/wp-json\/wp\/v2\/users\/100"}],"replies":[{"embeddable":true,"href":"https:\/\/www.ifbaiano.edu.br\/unidades\/lapa\/wp-json\/wp\/v2\/comments?post=16608"}],"version-history":[{"count":3,"href":"https:\/\/www.ifbaiano.edu.br\/unidades\/lapa\/wp-json\/wp\/v2\/posts\/16608\/revisions"}],"predecessor-version":[{"id":16611,"href":"https:\/\/www.ifbaiano.edu.br\/unidades\/lapa\/wp-json\/wp\/v2\/posts\/16608\/revisions\/16611"}],"wp:featuredmedia":[{"embeddable":true,"href":"https:\/\/www.ifbaiano.edu.br\/unidades\/lapa\/wp-json\/wp\/v2\/media\/16271"}],"wp:attachment":[{"href":"https:\/\/www.ifbaiano.edu.br\/unidades\/lapa\/wp-json\/wp\/v2\/media?parent=16608"}],"wp:term":[{"taxonomy":"category","embeddable":true,"href":"https:\/\/www.ifbaiano.edu.br\/unidades\/lapa\/wp-json\/wp\/v2\/categories?post=16608"},{"taxonomy":"post_tag","embeddable":true,"href":"https:\/\/www.ifbaiano.edu.br\/unidades\/lapa\/wp-json\/wp\/v2\/tags?post=16608"}],"curies":[{"name":"wp","href":"https:\/\/api.w.org\/{rel}","templated":true}]}}