{"id":16646,"date":"2020-07-29T10:07:45","date_gmt":"2020-07-29T13:07:45","guid":{"rendered":"https:\/\/www.ifbaiano.edu.br\/unidades\/lapa\/?p=16646"},"modified":"2020-07-29T11:40:50","modified_gmt":"2020-07-29T14:40:50","slug":"convocacao-de-lista-de-espera-sisu-2020-2","status":"publish","type":"post","link":"https:\/\/www.ifbaiano.edu.br\/unidades\/lapa\/2020\/07\/29\/convocacao-de-lista-de-espera-sisu-2020-2\/","title":{"rendered":"Convoca\u00e7\u00e3o de Lista de Espera SiSU 2020.2"},"content":{"rendered":"\n<p>O Campus Bom Jesus da Lapa convoca para matr\u00edcula os candidatos que manifestaram interesse em compor a lista de espera para ocupa\u00e7\u00e3o de vagas no curso de Engenharia Agron\u00f4mica. A lista com os contemplados nesta primeira chamada j\u00e1 est\u00e1 dispon\u00edvel na p\u00e1gina oficial do Campus, conforme anexo apresentado abaixo.<\/p>\n\n\n\n<div class=\"wp-block-file\"><a href=\"https:\/\/www.ifbaiano.edu.br\/unidades\/lapa\/files\/2020\/07\/Lista_de_Espera_SiSU_2020-2.pdf\">Lista de Espera SiSU 2020.2<\/a><\/div>\n","protected":false},"excerpt":{"rendered":"<p>O Campus Bom Jesus da Lapa convoca para matr\u00edcula os candidatos que manifestaram interesse em compor a lista de espera para ocupa\u00e7\u00e3o de vagas no curso de Engenharia Agron\u00f4mica. A lista com os contemplados nesta primeira chamada j\u00e1 est\u00e1 dispon\u00edvel na p\u00e1gina oficial do Campus, conforme anexo apresentado abaixo.<\/p>\n","protected":false},"author":100,"featured_media":16648,"comment_status":"open","ping_status":"open","sticky":false,"template":"","format":"standard","meta":[],"categories":[64,39,24,73,70,65],"tags":[],"_links":{"self":[{"href":"https:\/\/www.ifbaiano.edu.br\/unidades\/lapa\/wp-json\/wp\/v2\/posts\/16646"}],"collection":[{"href":"https:\/\/www.ifbaiano.edu.br\/unidades\/lapa\/wp-json\/wp\/v2\/posts"}],"about":[{"href":"https:\/\/www.ifbaiano.edu.br\/unidades\/lapa\/wp-json\/wp\/v2\/types\/post"}],"author":[{"embeddable":true,"href":"https:\/\/www.ifbaiano.edu.br\/unidades\/lapa\/wp-json\/wp\/v2\/users\/100"}],"replies":[{"embeddable":true,"href":"https:\/\/www.ifbaiano.edu.br\/unidades\/lapa\/wp-json\/wp\/v2\/comments?post=16646"}],"version-history":[{"count":6,"href":"https:\/\/www.ifbaiano.edu.br\/unidades\/lapa\/wp-json\/wp\/v2\/posts\/16646\/revisions"}],"predecessor-version":[{"id":16654,"href":"https:\/\/www.ifbaiano.edu.br\/unidades\/lapa\/wp-json\/wp\/v2\/posts\/16646\/revisions\/16654"}],"wp:featuredmedia":[{"embeddable":true,"href":"https:\/\/www.ifbaiano.edu.br\/unidades\/lapa\/wp-json\/wp\/v2\/media\/16648"}],"wp:attachment":[{"href":"https:\/\/www.ifbaiano.edu.br\/unidades\/lapa\/wp-json\/wp\/v2\/media?parent=16646"}],"wp:term":[{"taxonomy":"category","embeddable":true,"href":"https:\/\/www.ifbaiano.edu.br\/unidades\/lapa\/wp-json\/wp\/v2\/categories?post=16646"},{"taxonomy":"post_tag","embeddable":true,"href":"https:\/\/www.ifbaiano.edu.br\/unidades\/lapa\/wp-json\/wp\/v2\/tags?post=16646"}],"curies":[{"name":"wp","href":"https:\/\/api.w.org\/{rel}","templated":true}]}}