{"id":16655,"date":"2020-07-30T09:59:48","date_gmt":"2020-07-30T12:59:48","guid":{"rendered":"https:\/\/www.ifbaiano.edu.br\/unidades\/lapa\/?p=16655"},"modified":"2020-07-30T09:59:48","modified_gmt":"2020-07-30T12:59:48","slug":"live-vivencia-perspectiva-e-valor-no-cotidiano-da-mulher-negra","status":"publish","type":"post","link":"https:\/\/www.ifbaiano.edu.br\/unidades\/lapa\/2020\/07\/30\/live-vivencia-perspectiva-e-valor-no-cotidiano-da-mulher-negra\/","title":{"rendered":"Live: Viv\u00eancia, Perspectiva e Valor no Cotidiano da Mulher Negra"},"content":{"rendered":"\n<p>Live: Viv\u00eancia, Perspectiva e Valor no Cotidiano da Mulher Negra<\/p>\n\n\n\n<p>Convidada: Professora Aline de Souza Monteiro, Mestra em Estudos Liter\u00e1rios<\/p>\n\n\n\n<p>Organiza\u00e7\u00e3o: Neabi &#8211; Campus Bom Jesus da Lapa<\/p>\n\n\n\n<p>Local: Canal do Youtube do <em>Campus<\/em><\/p>\n\n\n\n<p>Data: 30 de julho de 2020<\/p>\n\n\n\n<p>Hor\u00e1rio: 14 horas<\/p>\n\n\n\n<figure class=\"wp-block-embed-youtube wp-block-embed is-type-video is-provider-youtube wp-embed-aspect-16-9 wp-has-aspect-ratio\"><div class=\"wp-block-embed__wrapper\">\n<iframe loading=\"lazy\" title=\"Viv\u00eancia, Perspectiva e Valor no Cotidiano da Mulher Negra - 30\/07\/2020\" width=\"500\" height=\"281\" src=\"https:\/\/www.youtube.com\/embed\/CxQZPFVDpDc?feature=oembed\" frameborder=\"0\" allow=\"accelerometer; autoplay; encrypted-media; gyroscope; picture-in-picture\" allowfullscreen><\/iframe>\n<\/div><\/figure>\n","protected":false},"excerpt":{"rendered":"<p>Live: Viv\u00eancia, Perspectiva e Valor no Cotidiano da Mulher Negra Convidada: Professora Aline de Souza Monteiro, Mestra em Estudos Liter\u00e1rios Organiza\u00e7\u00e3o: Neabi &#8211; Campus Bom Jesus da Lapa Local: Canal do Youtube do Campus Data: 30 de julho de 2020 Hor\u00e1rio: 14 horas<\/p>\n","protected":false},"author":100,"featured_media":16656,"comment_status":"open","ping_status":"open","sticky":false,"template":"","format":"standard","meta":[],"categories":[64,24,65],"tags":[],"_links":{"self":[{"href":"https:\/\/www.ifbaiano.edu.br\/unidades\/lapa\/wp-json\/wp\/v2\/posts\/16655"}],"collection":[{"href":"https:\/\/www.ifbaiano.edu.br\/unidades\/lapa\/wp-json\/wp\/v2\/posts"}],"about":[{"href":"https:\/\/www.ifbaiano.edu.br\/unidades\/lapa\/wp-json\/wp\/v2\/types\/post"}],"author":[{"embeddable":true,"href":"https:\/\/www.ifbaiano.edu.br\/unidades\/lapa\/wp-json\/wp\/v2\/users\/100"}],"replies":[{"embeddable":true,"href":"https:\/\/www.ifbaiano.edu.br\/unidades\/lapa\/wp-json\/wp\/v2\/comments?post=16655"}],"version-history":[{"count":1,"href":"https:\/\/www.ifbaiano.edu.br\/unidades\/lapa\/wp-json\/wp\/v2\/posts\/16655\/revisions"}],"predecessor-version":[{"id":16657,"href":"https:\/\/www.ifbaiano.edu.br\/unidades\/lapa\/wp-json\/wp\/v2\/posts\/16655\/revisions\/16657"}],"wp:featuredmedia":[{"embeddable":true,"href":"https:\/\/www.ifbaiano.edu.br\/unidades\/lapa\/wp-json\/wp\/v2\/media\/16656"}],"wp:attachment":[{"href":"https:\/\/www.ifbaiano.edu.br\/unidades\/lapa\/wp-json\/wp\/v2\/media?parent=16655"}],"wp:term":[{"taxonomy":"category","embeddable":true,"href":"https:\/\/www.ifbaiano.edu.br\/unidades\/lapa\/wp-json\/wp\/v2\/categories?post=16655"},{"taxonomy":"post_tag","embeddable":true,"href":"https:\/\/www.ifbaiano.edu.br\/unidades\/lapa\/wp-json\/wp\/v2\/tags?post=16655"}],"curies":[{"name":"wp","href":"https:\/\/api.w.org\/{rel}","templated":true}]}}