{"id":16658,"date":"2020-07-31T07:58:46","date_gmt":"2020-07-31T10:58:46","guid":{"rendered":"https:\/\/www.ifbaiano.edu.br\/unidades\/lapa\/?p=16658"},"modified":"2020-07-31T08:12:17","modified_gmt":"2020-07-31T11:12:17","slug":"setimo-episodio-do-dedin-de-prosa","status":"publish","type":"post","link":"https:\/\/www.ifbaiano.edu.br\/unidades\/lapa\/2020\/07\/31\/setimo-episodio-do-dedin-de-prosa\/","title":{"rendered":"S\u00e9timo Epis\u00f3dio do \u201cDedin de Prosa\u201d"},"content":{"rendered":"\n<p>No s\u00e9timo epis\u00f3dio do &#8220;Dedin de Prosa&#8221;, as estudantes do Curso de Agroecologia do <em>Campus <\/em>Bom Jesus da Lapa, Isis e Graziele, dialogam sobre problemas ambientais contempor\u00e2neos, suas causas, consequ\u00eancias e formas de enfrentamento baseadas em a\u00e7\u00f5es de sustentabilidade. <\/p>\n\n\n\n<p> Clique na imagem abaixo para acessar o podcast. <\/p>\n\n\n\n<figure class=\"wp-block-image size-large\"><a href=\"https:\/\/anchor.fm\/dedin-de-prosa\/episodes\/Episdio-7---Problemas-ambientais-contemporneos-ehf8oo\/a-a2r158p\" target=\"_blank\" rel=\"noopener noreferrer\"><img decoding=\"async\" loading=\"lazy\" width=\"1080\" height=\"1080\" src=\"https:\/\/www.ifbaiano.edu.br\/unidades\/lapa\/files\/2020\/06\/dedin-de-prosa-lapa-itapetinga.png\" alt=\"S\u00e9timo epis\u00f3dio do Dedin de Prosa\" class=\"wp-image-16271\"><\/a><figcaption>Dedin de Prosa<\/figcaption><\/figure>\n\n\n\n<p><\/p>\n","protected":false},"excerpt":{"rendered":"<p>No s\u00e9timo epis\u00f3dio do &#8220;Dedin de Prosa&#8221;, as estudantes do Curso de Agroecologia do Campus Bom Jesus da Lapa, Isis e Graziele, dialogam sobre problemas ambientais contempor\u00e2neos, suas causas, consequ\u00eancias e formas de enfrentamento baseadas em a\u00e7\u00f5es de sustentabilidade. Clique na imagem abaixo para acessar o podcast. Dedin de Prosa<\/p>\n","protected":false},"author":100,"featured_media":16271,"comment_status":"open","ping_status":"open","sticky":false,"template":"","format":"standard","meta":[],"categories":[64,24,40,65],"tags":[],"_links":{"self":[{"href":"https:\/\/www.ifbaiano.edu.br\/unidades\/lapa\/wp-json\/wp\/v2\/posts\/16658"}],"collection":[{"href":"https:\/\/www.ifbaiano.edu.br\/unidades\/lapa\/wp-json\/wp\/v2\/posts"}],"about":[{"href":"https:\/\/www.ifbaiano.edu.br\/unidades\/lapa\/wp-json\/wp\/v2\/types\/post"}],"author":[{"embeddable":true,"href":"https:\/\/www.ifbaiano.edu.br\/unidades\/lapa\/wp-json\/wp\/v2\/users\/100"}],"replies":[{"embeddable":true,"href":"https:\/\/www.ifbaiano.edu.br\/unidades\/lapa\/wp-json\/wp\/v2\/comments?post=16658"}],"version-history":[{"count":3,"href":"https:\/\/www.ifbaiano.edu.br\/unidades\/lapa\/wp-json\/wp\/v2\/posts\/16658\/revisions"}],"predecessor-version":[{"id":16662,"href":"https:\/\/www.ifbaiano.edu.br\/unidades\/lapa\/wp-json\/wp\/v2\/posts\/16658\/revisions\/16662"}],"wp:featuredmedia":[{"embeddable":true,"href":"https:\/\/www.ifbaiano.edu.br\/unidades\/lapa\/wp-json\/wp\/v2\/media\/16271"}],"wp:attachment":[{"href":"https:\/\/www.ifbaiano.edu.br\/unidades\/lapa\/wp-json\/wp\/v2\/media?parent=16658"}],"wp:term":[{"taxonomy":"category","embeddable":true,"href":"https:\/\/www.ifbaiano.edu.br\/unidades\/lapa\/wp-json\/wp\/v2\/categories?post=16658"},{"taxonomy":"post_tag","embeddable":true,"href":"https:\/\/www.ifbaiano.edu.br\/unidades\/lapa\/wp-json\/wp\/v2\/tags?post=16658"}],"curies":[{"name":"wp","href":"https:\/\/api.w.org\/{rel}","templated":true}]}}