{"id":16681,"date":"2020-07-31T17:47:20","date_gmt":"2020-07-31T20:47:20","guid":{"rendered":"https:\/\/www.ifbaiano.edu.br\/unidades\/lapa\/?p=16681"},"modified":"2020-08-03T15:21:00","modified_gmt":"2020-08-03T18:21:00","slug":"convite-para-live-com-pais-estudantes-e-representacoes-estudantis-apreciacao-e-socializacao-da-minuta-da-instrucao-normativa-para-as-atividades-pedagogicas-nao-presenciais","status":"publish","type":"post","link":"https:\/\/www.ifbaiano.edu.br\/unidades\/lapa\/2020\/07\/31\/convite-para-live-com-pais-estudantes-e-representacoes-estudantis-apreciacao-e-socializacao-da-minuta-da-instrucao-normativa-para-as-atividades-pedagogicas-nao-presenciais\/","title":{"rendered":"Convite para live com pais, estudantes e representa\u00e7\u00f5es estudantis. Aprecia\u00e7\u00e3o e socializa\u00e7\u00e3o da minuta da Instru\u00e7\u00e3o Normativa para as Atividades Pedag\u00f3gicas n\u00e3o Presenciais."},"content":{"rendered":"\n<p>A Dire\u00e7\u00e3o-Geral do Campus Bom Jesus da Lapa convida\u00a0pais, estudantes e representa\u00e7\u00f5es estudantis para participarem da\u00a0<em>live<\/em>\u00a0que ser\u00e1 transmitida no dia 07.08.2020 (sexta-feira), \u00e0s 15h, atrav\u00e9s do canal no Youtube deste Campus.<br>Na<em>\u00a0live<\/em>\u00a0ser\u00e1 socializada e apreciada\u00a0a minuta da Instru\u00e7\u00e3o Normativa que estabelece diretrizes para implementa\u00e7\u00e3o das atividades pedag\u00f3gicas n\u00e3o presenciais nos cursos (t\u00e9cnico de n\u00edvel m\u00e9dio e gradua\u00e7\u00e3o) do IF Baiano, presenciais e a dist\u00e2ncia, em fun\u00e7\u00e3o da situa\u00e7\u00e3o de excepcionalidade da pandemia do novo Coronav\u00edrus (Covid-19) e contar\u00e1 com a participa\u00e7\u00e3o de\u00a0Ge\u00e2ngelo Rosa (diretor-geral), Emerson Santos (diretor acad\u00eamico), Gislane Costa (diretora administrativa) e de Adevanucia Nere (coordenadora de ensino).<\/p>\n\n\n\n<p>Voc\u00ea que \u00e9 estudante, pai\/respons\u00e1vel ou representante estudantil, acesse a minuta do documento no link abaixo e&nbsp;envie as suas sugest\u00f5es, d\u00favidas e contribui\u00e7\u00f5es para o e-mail&nbsp;<strong>ce@lapa.ifbaiano.edu.br, at\u00e9 \u00e0s 12h00 de 06.08.2020 (quinta-feira)<\/strong>. A sua participa\u00e7\u00e3o e contribui\u00e7\u00e3o \u00e9 muito importante para o aprimoramento do documento que ser\u00e1, posteriormente, apreciado pelo&nbsp;Conselho Superior do IF Baiano. <\/p>\n\n\n\n<div class=\"wp-block-file\"><a href=\"https:\/\/www.ifbaiano.edu.br\/unidades\/lapa\/files\/2020\/07\/OFICIO_CIRCULAR_26_2020.pdf\">Of\u00edcio Circular 26\/2020 &#8211; BJL-GAB\/BJL-DG\/RET\/IFBAIANO20<\/a><\/div>\n\n\n\n<div class=\"wp-block-file\"><a href=\"https:\/\/www.ifbaiano.edu.br\/unidades\/lapa\/files\/2020\/07\/Minuta-da-Instiru\u00e7\u00e3o-Normativa-do-IF-Baiano-para-as-Atividades-Pedag\u00f3gicas-n\u00e3o-Presenciais-durante-pandemia-covid-19.pdf\">Minuta da Instru\u00e7\u00e3o Normativa do IF Baiano para as Atividades Pedag\u00f3gicas n\u00e3o Presenciais durante pandemia covid-19<\/a><\/div>\n\n\n\n<figure class=\"wp-block-embed-youtube wp-block-embed is-type-video is-provider-youtube wp-embed-aspect-16-9 wp-has-aspect-ratio\"><div class=\"wp-block-embed__wrapper\">\n<iframe loading=\"lazy\" title=\"Aprecia\u00e7\u00e3o e socializa\u00e7\u00e3o da minuta da IN para  Atividades Pedag\u00f3gicas n\u00e3o Presenciais - 07\/08\/2020\" width=\"500\" height=\"281\" src=\"https:\/\/www.youtube.com\/embed\/HYic0fYRAJ8?feature=oembed\" frameborder=\"0\" allow=\"accelerometer; autoplay; encrypted-media; gyroscope; picture-in-picture\" allowfullscreen><\/iframe>\n<\/div><\/figure>\n","protected":false},"excerpt":{"rendered":"<p>A Dire\u00e7\u00e3o-Geral do Campus Bom Jesus da Lapa convida\u00a0pais, estudantes e representa\u00e7\u00f5es estudantis para participarem da\u00a0live\u00a0que ser\u00e1 transmitida no dia 07.08.2020 (sexta-feira), \u00e0s 15h, atrav\u00e9s do canal no Youtube deste Campus.Na\u00a0live\u00a0ser\u00e1 socializada e apreciada\u00a0a minuta da Instru\u00e7\u00e3o Normativa que estabelece diretrizes para implementa\u00e7\u00e3o das atividades pedag\u00f3gicas n\u00e3o presenciais nos cursos (t\u00e9cnico de n\u00edvel m\u00e9dio e [&hellip;]<\/p>\n","protected":false},"author":100,"featured_media":0,"comment_status":"open","ping_status":"open","sticky":false,"template":"","format":"standard","meta":[],"categories":[25,64,39,26,30,24,65],"tags":[],"_links":{"self":[{"href":"https:\/\/www.ifbaiano.edu.br\/unidades\/lapa\/wp-json\/wp\/v2\/posts\/16681"}],"collection":[{"href":"https:\/\/www.ifbaiano.edu.br\/unidades\/lapa\/wp-json\/wp\/v2\/posts"}],"about":[{"href":"https:\/\/www.ifbaiano.edu.br\/unidades\/lapa\/wp-json\/wp\/v2\/types\/post"}],"author":[{"embeddable":true,"href":"https:\/\/www.ifbaiano.edu.br\/unidades\/lapa\/wp-json\/wp\/v2\/users\/100"}],"replies":[{"embeddable":true,"href":"https:\/\/www.ifbaiano.edu.br\/unidades\/lapa\/wp-json\/wp\/v2\/comments?post=16681"}],"version-history":[{"count":7,"href":"https:\/\/www.ifbaiano.edu.br\/unidades\/lapa\/wp-json\/wp\/v2\/posts\/16681\/revisions"}],"predecessor-version":[{"id":16690,"href":"https:\/\/www.ifbaiano.edu.br\/unidades\/lapa\/wp-json\/wp\/v2\/posts\/16681\/revisions\/16690"}],"wp:attachment":[{"href":"https:\/\/www.ifbaiano.edu.br\/unidades\/lapa\/wp-json\/wp\/v2\/media?parent=16681"}],"wp:term":[{"taxonomy":"category","embeddable":true,"href":"https:\/\/www.ifbaiano.edu.br\/unidades\/lapa\/wp-json\/wp\/v2\/categories?post=16681"},{"taxonomy":"post_tag","embeddable":true,"href":"https:\/\/www.ifbaiano.edu.br\/unidades\/lapa\/wp-json\/wp\/v2\/tags?post=16681"}],"curies":[{"name":"wp","href":"https:\/\/api.w.org\/{rel}","templated":true}]}}