{"id":16708,"date":"2020-08-04T07:34:47","date_gmt":"2020-08-04T10:34:47","guid":{"rendered":"https:\/\/www.ifbaiano.edu.br\/unidades\/lapa\/?p=16708"},"modified":"2020-08-04T07:34:47","modified_gmt":"2020-08-04T10:34:47","slug":"live-escrita-feminina-negra-cultura-e-canone-literario","status":"publish","type":"post","link":"https:\/\/www.ifbaiano.edu.br\/unidades\/lapa\/2020\/08\/04\/live-escrita-feminina-negra-cultura-e-canone-literario\/","title":{"rendered":"Live \u201cEscrita feminina negra, cultura e c\u00e2none liter\u00e1rio\u201d"},"content":{"rendered":"\n<p>\n\nO N\u00facleo de Estudos Afro-brasileiros e Ind\u00edgenas (Neabi), do IF Baiano (Campus Bom Jesus da Lapa) convida a todas\/dos para participarem da live \u201cEscrita feminina negra, cultura e c\u00e2none liter\u00e1rio\u201d.<br>Convidada? Luane Tamires Martins (Mestra em Cr\u00edtica Cultural).<br>Onde? Youtube (Canal do IF Baiano \u2013 Campus Bom Jesus da Lapa).<br>Quando?&nbsp;06 de agosto&nbsp;de 2020 (quinta-feira).<br>Hor\u00e1rio? 14 horas.<\/p>\n\n\n\n<p>Sauda\u00e7\u00f5es libert\u00e1rias! <\/p>\n\n\n\n<figure class=\"wp-block-embed-youtube wp-block-embed is-type-video is-provider-youtube wp-embed-aspect-16-9 wp-has-aspect-ratio\"><div class=\"wp-block-embed__wrapper\">\n<iframe loading=\"lazy\" title=\"Escrita feminina negra, cultura e c\u00e2none liter\u00e1rio - 06\/08\/2020\" width=\"500\" height=\"281\" src=\"https:\/\/www.youtube.com\/embed\/IIunr8P1WqU?feature=oembed\" frameborder=\"0\" allow=\"accelerometer; autoplay; encrypted-media; gyroscope; picture-in-picture\" allowfullscreen><\/iframe>\n<\/div><\/figure>\n","protected":false},"excerpt":{"rendered":"<p>O N\u00facleo de Estudos Afro-brasileiros e Ind\u00edgenas (Neabi), do IF Baiano (Campus Bom Jesus da Lapa) convida a todas\/dos para participarem da live \u201cEscrita feminina negra, cultura e c\u00e2none liter\u00e1rio\u201d.Convidada? Luane Tamires Martins (Mestra em Cr\u00edtica Cultural).Onde? Youtube (Canal do IF Baiano \u2013 Campus Bom Jesus da Lapa).Quando?&nbsp;06 de agosto&nbsp;de 2020 (quinta-feira).Hor\u00e1rio? 14 horas. Sauda\u00e7\u00f5es [&hellip;]<\/p>\n","protected":false},"author":100,"featured_media":16709,"comment_status":"open","ping_status":"open","sticky":false,"template":"","format":"standard","meta":[],"categories":[64,39,24,65],"tags":[],"_links":{"self":[{"href":"https:\/\/www.ifbaiano.edu.br\/unidades\/lapa\/wp-json\/wp\/v2\/posts\/16708"}],"collection":[{"href":"https:\/\/www.ifbaiano.edu.br\/unidades\/lapa\/wp-json\/wp\/v2\/posts"}],"about":[{"href":"https:\/\/www.ifbaiano.edu.br\/unidades\/lapa\/wp-json\/wp\/v2\/types\/post"}],"author":[{"embeddable":true,"href":"https:\/\/www.ifbaiano.edu.br\/unidades\/lapa\/wp-json\/wp\/v2\/users\/100"}],"replies":[{"embeddable":true,"href":"https:\/\/www.ifbaiano.edu.br\/unidades\/lapa\/wp-json\/wp\/v2\/comments?post=16708"}],"version-history":[{"count":1,"href":"https:\/\/www.ifbaiano.edu.br\/unidades\/lapa\/wp-json\/wp\/v2\/posts\/16708\/revisions"}],"predecessor-version":[{"id":16710,"href":"https:\/\/www.ifbaiano.edu.br\/unidades\/lapa\/wp-json\/wp\/v2\/posts\/16708\/revisions\/16710"}],"wp:featuredmedia":[{"embeddable":true,"href":"https:\/\/www.ifbaiano.edu.br\/unidades\/lapa\/wp-json\/wp\/v2\/media\/16709"}],"wp:attachment":[{"href":"https:\/\/www.ifbaiano.edu.br\/unidades\/lapa\/wp-json\/wp\/v2\/media?parent=16708"}],"wp:term":[{"taxonomy":"category","embeddable":true,"href":"https:\/\/www.ifbaiano.edu.br\/unidades\/lapa\/wp-json\/wp\/v2\/categories?post=16708"},{"taxonomy":"post_tag","embeddable":true,"href":"https:\/\/www.ifbaiano.edu.br\/unidades\/lapa\/wp-json\/wp\/v2\/tags?post=16708"}],"curies":[{"name":"wp","href":"https:\/\/api.w.org\/{rel}","templated":true}]}}