{"id":16760,"date":"2020-08-07T07:33:14","date_gmt":"2020-08-07T10:33:14","guid":{"rendered":"https:\/\/www.ifbaiano.edu.br\/unidades\/lapa\/?p=16760"},"modified":"2020-08-07T07:33:14","modified_gmt":"2020-08-07T10:33:14","slug":"oitavo-episodio-do-dedin-de-prosa","status":"publish","type":"post","link":"https:\/\/www.ifbaiano.edu.br\/unidades\/lapa\/2020\/08\/07\/oitavo-episodio-do-dedin-de-prosa\/","title":{"rendered":"Oitavo Epis\u00f3dio do \u201cDedin de Prosa\u201d"},"content":{"rendered":"\n<p> No oitavo epis\u00f3dio do &#8220;Dedin de Prosa&#8221;, a servidora Katiana e o estudante egresso Arthur, ambos do <em>Campus<\/em> Itapetinga, promovem reflex\u00f5es sobre distintos comportamentos e sentimentos sociais que marcam o per\u00edodo de pandemia. Discutem, tamb\u00e9m, inova\u00e7\u00f5es e empreendedorismo, ressaltando que o tempo de pandemia deve ser marcado pela criatividade e pelos prop\u00f3sitos na busca de novas solu\u00e7\u00f5es. <\/p>\n\n\n\n<p>Clique na imagem abaixo para acessar o podcast.<\/p>\n\n\n\n<figure class=\"wp-block-image size-large\"><a href=\"https:\/\/anchor.fm\/dedin-de-prosa\/episodes\/Episdio-8-ehpl6m\/a-a2spndn\" target=\"_blank\" rel=\"noopener noreferrer\"><img decoding=\"async\" loading=\"lazy\" width=\"1080\" height=\"1080\" src=\"https:\/\/www.ifbaiano.edu.br\/unidades\/lapa\/files\/2020\/06\/dedin-de-prosa-lapa-itapetinga.png\" alt=\"Oitavo epis\u00f3dio do Dedin de Prosa\" class=\"wp-image-16271\" \/><\/a><figcaption>Dedin de Prosa<\/figcaption><\/figure>\n","protected":false},"excerpt":{"rendered":"<p>No oitavo epis\u00f3dio do &#8220;Dedin de Prosa&#8221;, a servidora Katiana e o estudante egresso Arthur, ambos do Campus Itapetinga, promovem reflex\u00f5es sobre distintos comportamentos e sentimentos sociais que marcam o per\u00edodo de pandemia. Discutem, tamb\u00e9m, inova\u00e7\u00f5es e empreendedorismo, ressaltando que o tempo de pandemia deve ser marcado pela criatividade e pelos prop\u00f3sitos na busca de [&hellip;]<\/p>\n","protected":false},"author":100,"featured_media":16271,"comment_status":"open","ping_status":"open","sticky":false,"template":"","format":"standard","meta":[],"categories":[64,24,40,65],"tags":[],"_links":{"self":[{"href":"https:\/\/www.ifbaiano.edu.br\/unidades\/lapa\/wp-json\/wp\/v2\/posts\/16760"}],"collection":[{"href":"https:\/\/www.ifbaiano.edu.br\/unidades\/lapa\/wp-json\/wp\/v2\/posts"}],"about":[{"href":"https:\/\/www.ifbaiano.edu.br\/unidades\/lapa\/wp-json\/wp\/v2\/types\/post"}],"author":[{"embeddable":true,"href":"https:\/\/www.ifbaiano.edu.br\/unidades\/lapa\/wp-json\/wp\/v2\/users\/100"}],"replies":[{"embeddable":true,"href":"https:\/\/www.ifbaiano.edu.br\/unidades\/lapa\/wp-json\/wp\/v2\/comments?post=16760"}],"version-history":[{"count":1,"href":"https:\/\/www.ifbaiano.edu.br\/unidades\/lapa\/wp-json\/wp\/v2\/posts\/16760\/revisions"}],"predecessor-version":[{"id":16761,"href":"https:\/\/www.ifbaiano.edu.br\/unidades\/lapa\/wp-json\/wp\/v2\/posts\/16760\/revisions\/16761"}],"wp:featuredmedia":[{"embeddable":true,"href":"https:\/\/www.ifbaiano.edu.br\/unidades\/lapa\/wp-json\/wp\/v2\/media\/16271"}],"wp:attachment":[{"href":"https:\/\/www.ifbaiano.edu.br\/unidades\/lapa\/wp-json\/wp\/v2\/media?parent=16760"}],"wp:term":[{"taxonomy":"category","embeddable":true,"href":"https:\/\/www.ifbaiano.edu.br\/unidades\/lapa\/wp-json\/wp\/v2\/categories?post=16760"},{"taxonomy":"post_tag","embeddable":true,"href":"https:\/\/www.ifbaiano.edu.br\/unidades\/lapa\/wp-json\/wp\/v2\/tags?post=16760"}],"curies":[{"name":"wp","href":"https:\/\/api.w.org\/{rel}","templated":true}]}}