{"id":16763,"date":"2020-08-07T11:19:16","date_gmt":"2020-08-07T14:19:16","guid":{"rendered":"https:\/\/www.ifbaiano.edu.br\/unidades\/lapa\/?p=16763"},"modified":"2020-08-07T11:25:09","modified_gmt":"2020-08-07T14:25:09","slug":"abertas-inscricoes-para-o-ensaio-virtual-do-festival-de-arte-e-musica","status":"publish","type":"post","link":"https:\/\/www.ifbaiano.edu.br\/unidades\/lapa\/2020\/08\/07\/abertas-inscricoes-para-o-ensaio-virtual-do-festival-de-arte-e-musica\/","title":{"rendered":"Abertas inscri\u00e7\u00f5es para o Ensaio virtual do Festival de Arte e M\u00fasica"},"content":{"rendered":"\n<p>Abertas inscri\u00e7\u00f5es para o Ensaio virtual do Festival de Arte e M\u00fasica: Nordeste, nossa raiz<\/p>\n\n\n\n<p>Com o isolamento social decorrente da pandemia do novo coronav\u00edrus (Covid-19), muitos eventos culturais foram interrompidos. Contudo, a arte impulsiona a vida, nela a gente se reinventa e novas cenas tornaram-se comuns: pessoas cantando ou tocando instrumentos musicais nas sacadas, nos quintais e em outros lugares antes n\u00e3o explorados artisticamente.<br>Cinemas, teatros, shows musicais e outros eventos culturais tiveram que ser suspensos, mas as linguagens art\u00edsticas se adaptam ao distanciamento social e mesmo sem sair de casa \u00e9 poss\u00edvel ter contato com a arte. Isso porque a arte nos coloca em diferentes lugares tempor\u00e1rios e geogr\u00e1ficos, e a limita\u00e7\u00e3o de estarmos em casa, num espa\u00e7o pequeno n\u00e3o nos impossibilita de vivenci\u00e1-la de diversas maneiras. Por meio da arte \u00e9 poss\u00edvel conhecer novas culturas, ampliar nossos horizontes e percep\u00e7\u00f5es sobre o mundo, desenvolver nossa criatividade, exprimir sentimentos e emo\u00e7\u00f5es, expor talentos e obter subs\u00eddios para refletir sobre o mundo e as condi\u00e7\u00f5es dos sujeitos que nele habitam. <br>E \u00e9 pensando nesse tempo de muitas interroga\u00e7\u00f5es sobre o futuro, mas tamb\u00e9m de muitas possibilidades, que a arte pode nos colocar no presente, na experi\u00eancia do aqui e agora que o IF Baiano \u2013 <em>Campus<\/em> Bom Jesus da Lapa, em sintonia com a Pr\u00f3-Reitoria de Extens\u00e3o, promover\u00e1 o ensaio virtual do Festival de Arte e M\u00fasica, a fim  de fortalecer as bases socioculturais e art\u00edsticas ao contemplar as diversidades culturais existentes, estimulando o interesse de discentes e servidores(as)\/colaboradores(as) pelas artes e culturas baiana e brasileira.<br>Ao propor o ensaio do Festival de Arte e M\u00fasica: Nordeste, nossa raiz, o IF Baiano se mostra antenado ao que est\u00e1 acontecendo e convida a todos para experimentar e viver a arte, mobilizando estudantes, servidores e toda comunidades a criar, desenvolver, ampliar e vivenciar as ra\u00edzes nordestinas por meio da arte.  Ao metaforizar e imitar a arte pelo poder da Interpreta\u00e7\u00e3o e\/ou Instrumentaliza\u00e7\u00e3o musical, por meio  da poesia, do declamar de um poema, do Teatro, do <em>stand up comedy<\/em>, da Dan\u00e7a, das Artes Visuais: fotografia ou grafite \u00e9 que o IF Baiano promove o ensaio do Festival de Arte e M\u00fasica e exalta as ra\u00edzes do Nordeste, as nossas ra\u00edzes!<br> As inscri\u00e7\u00f5es ser\u00e3o realizadas no per\u00edodo de 10 a 23 de agosto, no seguinte link: <a rel=\"noreferrer noopener\" aria-label=\" (abre numa nova aba)\" href=\"https:\/\/docs.google.com\/forms\/d\/e\/1FAIpQLSeO6wQZpZUIVd0Zuo2Fyw5vvaBKWYKTv6k4VTEaMCc-qX3_uQ\/viewform\" target=\"_blank\">Formul\u00e1rio (abre em nova aba)<\/a>. Depois de se inscrever, o estudante deve encaminhar seu v\u00eddeo para o Whatsapp (77) 8101-4162.<\/p>\n\n\n\n<figure class=\"wp-block-image size-large\"><img decoding=\"async\" loading=\"lazy\" width=\"1080\" height=\"1080\" src=\"https:\/\/www.ifbaiano.edu.br\/unidades\/lapa\/files\/2020\/08\/card-ensaio-famif-2020-lapa-05-08-2020.png\" alt=\"\" class=\"wp-image-16764\" \/><\/figure>\n","protected":false},"excerpt":{"rendered":"<p>Abertas inscri\u00e7\u00f5es para o Ensaio virtual do Festival de Arte e M\u00fasica: Nordeste, nossa raiz Com o isolamento social decorrente da pandemia do novo coronav\u00edrus (Covid-19), muitos eventos culturais foram interrompidos. Contudo, a arte impulsiona a vida, nela a gente se reinventa e novas cenas tornaram-se comuns: pessoas cantando ou tocando instrumentos musicais nas sacadas, [&hellip;]<\/p>\n","protected":false},"author":100,"featured_media":16764,"comment_status":"open","ping_status":"open","sticky":false,"template":"","format":"standard","meta":[],"categories":[64,30,24,40,65],"tags":[],"_links":{"self":[{"href":"https:\/\/www.ifbaiano.edu.br\/unidades\/lapa\/wp-json\/wp\/v2\/posts\/16763"}],"collection":[{"href":"https:\/\/www.ifbaiano.edu.br\/unidades\/lapa\/wp-json\/wp\/v2\/posts"}],"about":[{"href":"https:\/\/www.ifbaiano.edu.br\/unidades\/lapa\/wp-json\/wp\/v2\/types\/post"}],"author":[{"embeddable":true,"href":"https:\/\/www.ifbaiano.edu.br\/unidades\/lapa\/wp-json\/wp\/v2\/users\/100"}],"replies":[{"embeddable":true,"href":"https:\/\/www.ifbaiano.edu.br\/unidades\/lapa\/wp-json\/wp\/v2\/comments?post=16763"}],"version-history":[{"count":3,"href":"https:\/\/www.ifbaiano.edu.br\/unidades\/lapa\/wp-json\/wp\/v2\/posts\/16763\/revisions"}],"predecessor-version":[{"id":16767,"href":"https:\/\/www.ifbaiano.edu.br\/unidades\/lapa\/wp-json\/wp\/v2\/posts\/16763\/revisions\/16767"}],"wp:featuredmedia":[{"embeddable":true,"href":"https:\/\/www.ifbaiano.edu.br\/unidades\/lapa\/wp-json\/wp\/v2\/media\/16764"}],"wp:attachment":[{"href":"https:\/\/www.ifbaiano.edu.br\/unidades\/lapa\/wp-json\/wp\/v2\/media?parent=16763"}],"wp:term":[{"taxonomy":"category","embeddable":true,"href":"https:\/\/www.ifbaiano.edu.br\/unidades\/lapa\/wp-json\/wp\/v2\/categories?post=16763"},{"taxonomy":"post_tag","embeddable":true,"href":"https:\/\/www.ifbaiano.edu.br\/unidades\/lapa\/wp-json\/wp\/v2\/tags?post=16763"}],"curies":[{"name":"wp","href":"https:\/\/api.w.org\/{rel}","templated":true}]}}