{"id":16768,"date":"2020-08-07T18:53:43","date_gmt":"2020-08-07T21:53:43","guid":{"rendered":"https:\/\/www.ifbaiano.edu.br\/unidades\/lapa\/?p=16768"},"modified":"2020-08-07T18:53:43","modified_gmt":"2020-08-07T21:53:43","slug":"oitavo-episodio-do-dedin-de-prosa-em-libras","status":"publish","type":"post","link":"https:\/\/www.ifbaiano.edu.br\/unidades\/lapa\/2020\/08\/07\/oitavo-episodio-do-dedin-de-prosa-em-libras\/","title":{"rendered":"Oitavo epis\u00f3dio do \u201cDedin de Prosa\u201d em LIBRAS"},"content":{"rendered":"\n<p> J\u00e1 est\u00e1 dispon\u00edvel, no Canal do Youtube do\u00a0<em>Campus<\/em>\u00a0Bom Jesus da Lapa, o oitavo epis\u00f3dio do \u201cDedin de Prosa\u201d com tradu\u00e7\u00e3o em LIBRAS, a fim de atender o p\u00fablico surdo. <\/p>\n\n\n\n<figure class=\"wp-block-embed-youtube wp-block-embed is-type-video is-provider-youtube wp-embed-aspect-16-9 wp-has-aspect-ratio\"><div class=\"wp-block-embed__wrapper\">\n<iframe loading=\"lazy\" title=\"8\u00ba Epis\u00f3dio do Podcast &quot;Dedin de Prosa&quot; - Vers\u00e3o em LIBRAS\" width=\"500\" height=\"281\" src=\"https:\/\/www.youtube.com\/embed\/tFRH3TodCZw?feature=oembed\" frameborder=\"0\" allow=\"accelerometer; autoplay; encrypted-media; gyroscope; picture-in-picture\" allowfullscreen><\/iframe>\n<\/div><\/figure>\n","protected":false},"excerpt":{"rendered":"<p>J\u00e1 est\u00e1 dispon\u00edvel, no Canal do Youtube do\u00a0Campus\u00a0Bom Jesus da Lapa, o oitavo epis\u00f3dio do \u201cDedin de Prosa\u201d com tradu\u00e7\u00e3o em LIBRAS, a fim de atender o p\u00fablico surdo.<\/p>\n","protected":false},"author":100,"featured_media":16271,"comment_status":"open","ping_status":"open","sticky":false,"template":"","format":"standard","meta":[],"categories":[64,24,40,65],"tags":[],"_links":{"self":[{"href":"https:\/\/www.ifbaiano.edu.br\/unidades\/lapa\/wp-json\/wp\/v2\/posts\/16768"}],"collection":[{"href":"https:\/\/www.ifbaiano.edu.br\/unidades\/lapa\/wp-json\/wp\/v2\/posts"}],"about":[{"href":"https:\/\/www.ifbaiano.edu.br\/unidades\/lapa\/wp-json\/wp\/v2\/types\/post"}],"author":[{"embeddable":true,"href":"https:\/\/www.ifbaiano.edu.br\/unidades\/lapa\/wp-json\/wp\/v2\/users\/100"}],"replies":[{"embeddable":true,"href":"https:\/\/www.ifbaiano.edu.br\/unidades\/lapa\/wp-json\/wp\/v2\/comments?post=16768"}],"version-history":[{"count":1,"href":"https:\/\/www.ifbaiano.edu.br\/unidades\/lapa\/wp-json\/wp\/v2\/posts\/16768\/revisions"}],"predecessor-version":[{"id":16769,"href":"https:\/\/www.ifbaiano.edu.br\/unidades\/lapa\/wp-json\/wp\/v2\/posts\/16768\/revisions\/16769"}],"wp:featuredmedia":[{"embeddable":true,"href":"https:\/\/www.ifbaiano.edu.br\/unidades\/lapa\/wp-json\/wp\/v2\/media\/16271"}],"wp:attachment":[{"href":"https:\/\/www.ifbaiano.edu.br\/unidades\/lapa\/wp-json\/wp\/v2\/media?parent=16768"}],"wp:term":[{"taxonomy":"category","embeddable":true,"href":"https:\/\/www.ifbaiano.edu.br\/unidades\/lapa\/wp-json\/wp\/v2\/categories?post=16768"},{"taxonomy":"post_tag","embeddable":true,"href":"https:\/\/www.ifbaiano.edu.br\/unidades\/lapa\/wp-json\/wp\/v2\/tags?post=16768"}],"curies":[{"name":"wp","href":"https:\/\/api.w.org\/{rel}","templated":true}]}}