{"id":16787,"date":"2020-08-11T14:09:40","date_gmt":"2020-08-11T17:09:40","guid":{"rendered":"https:\/\/www.ifbaiano.edu.br\/unidades\/lapa\/?p=16787"},"modified":"2020-08-11T14:11:34","modified_gmt":"2020-08-11T17:11:34","slug":"dia-dos-estudantes-2020","status":"publish","type":"post","link":"https:\/\/www.ifbaiano.edu.br\/unidades\/lapa\/2020\/08\/11\/dia-dos-estudantes-2020\/","title":{"rendered":"Dia dos Estudantes 2020"},"content":{"rendered":"\n<p>Estudantes s\u00e3o a raz\u00e3o de ser do IF Baiano.<\/p>\n\n\n\n<p>\u00c9 por voc\u00eas  que o Instituto deve seguir incansavelmente na miss\u00e3o da  Educa\u00e7\u00e3o P\u00fablica, Gratuita e de Qualidade.<\/p>\n\n\n\n<p>Esses s\u00e3o tempos desafiadores para todos n\u00f3s.<\/p>\n\n\n\n<p>N\u00e3o \u00e9 f\u00e1cil ficarmos afastados daqueles e daquelas que enchem nossos campi e cora\u00e7\u00f5es de vida, trocas, \u00e2nimo e alegria.<\/p>\n\n\n\n<p>Cada profissional do IF Baiano sente a ansiedade de voltar \u00e0s salas, aos laborat\u00f3rios, \u00e0s bibliotecas, \u00e0s aulas em campo, \u00e0 nossa rotina. De ver as cantinas cheias, as quadras em atividade, as salas ocupadas. De construir conhecimento em parceria e presencialmente. De ouvir os sorrisos nos corredores. <\/p>\n\n\n\n<p>Mas enquanto constru\u00edmos solu\u00e7\u00f5es para as atividades acad\u00eamicas, precisamos continuar mantendo a sa\u00fade e a seguran\u00e7a em primeiro lugar. Sempre.<\/p>\n\n\n\n<p>Podemos estar distantes, mas n\u00e3o estamos sozinhos. <\/p>\n\n\n\n<p>A institui\u00e7\u00e3o est\u00e1 preocupada e coordenando esfor\u00e7os coletivos para que possam continuar seus sonhos de forma segura.<\/p>\n\n\n\n<p>Esse v\u00eddeo \u00e9 uma homenagem. Com voc\u00eas, por voc\u00eas, para voc\u00eas.<\/p>\n\n\n\n<p>Unidos e espalhando cuidado, sempre.<\/p>\n\n\n\n<p>Feliz Dia dos Estudantes 2020.<\/p>\n\n\n\n<figure class=\"wp-block-embed-youtube wp-block-embed is-type-video is-provider-youtube wp-embed-aspect-16-9 wp-has-aspect-ratio\"><div class=\"wp-block-embed__wrapper\">\n<iframe loading=\"lazy\" title=\"Dia dos Estudantes 2020 \u2022 IF Baiano\" width=\"500\" height=\"281\" src=\"https:\/\/www.youtube.com\/embed\/DN96PiCldxI?feature=oembed\" frameborder=\"0\" allow=\"accelerometer; autoplay; encrypted-media; gyroscope; picture-in-picture\" allowfullscreen><\/iframe>\n<\/div><\/figure>\n","protected":false},"excerpt":{"rendered":"<p>Estudantes s\u00e3o a raz\u00e3o de ser do IF Baiano. \u00c9 por voc\u00eas que o Instituto deve seguir incansavelmente na miss\u00e3o da Educa\u00e7\u00e3o P\u00fablica, Gratuita e de Qualidade. Esses s\u00e3o tempos desafiadores para todos n\u00f3s. N\u00e3o \u00e9 f\u00e1cil ficarmos afastados daqueles e daquelas que enchem nossos campi e cora\u00e7\u00f5es de vida, trocas, \u00e2nimo e alegria. Cada [&hellip;]<\/p>\n","protected":false},"author":100,"featured_media":0,"comment_status":"open","ping_status":"open","sticky":false,"template":"","format":"standard","meta":[],"categories":[25,64,30,24,65],"tags":[],"_links":{"self":[{"href":"https:\/\/www.ifbaiano.edu.br\/unidades\/lapa\/wp-json\/wp\/v2\/posts\/16787"}],"collection":[{"href":"https:\/\/www.ifbaiano.edu.br\/unidades\/lapa\/wp-json\/wp\/v2\/posts"}],"about":[{"href":"https:\/\/www.ifbaiano.edu.br\/unidades\/lapa\/wp-json\/wp\/v2\/types\/post"}],"author":[{"embeddable":true,"href":"https:\/\/www.ifbaiano.edu.br\/unidades\/lapa\/wp-json\/wp\/v2\/users\/100"}],"replies":[{"embeddable":true,"href":"https:\/\/www.ifbaiano.edu.br\/unidades\/lapa\/wp-json\/wp\/v2\/comments?post=16787"}],"version-history":[{"count":3,"href":"https:\/\/www.ifbaiano.edu.br\/unidades\/lapa\/wp-json\/wp\/v2\/posts\/16787\/revisions"}],"predecessor-version":[{"id":16790,"href":"https:\/\/www.ifbaiano.edu.br\/unidades\/lapa\/wp-json\/wp\/v2\/posts\/16787\/revisions\/16790"}],"wp:attachment":[{"href":"https:\/\/www.ifbaiano.edu.br\/unidades\/lapa\/wp-json\/wp\/v2\/media?parent=16787"}],"wp:term":[{"taxonomy":"category","embeddable":true,"href":"https:\/\/www.ifbaiano.edu.br\/unidades\/lapa\/wp-json\/wp\/v2\/categories?post=16787"},{"taxonomy":"post_tag","embeddable":true,"href":"https:\/\/www.ifbaiano.edu.br\/unidades\/lapa\/wp-json\/wp\/v2\/tags?post=16787"}],"curies":[{"name":"wp","href":"https:\/\/api.w.org\/{rel}","templated":true}]}}