{"id":168,"date":"2011-08-06T00:32:01","date_gmt":"2011-08-06T00:32:01","guid":{"rendered":"http:\/\/www.ifbaiano.edu.br\/unidades\/lapa\/?p=168"},"modified":"2011-08-06T00:39:13","modified_gmt":"2011-08-06T00:39:13","slug":"i-semana-de-tecnologia-da-informacao","status":"publish","type":"post","link":"https:\/\/www.ifbaiano.edu.br\/unidades\/lapa\/2011\/08\/06\/i-semana-de-tecnologia-da-informacao\/","title":{"rendered":"I Semana de Tecnologia da Informa\u00e7\u00e3o"},"content":{"rendered":"<p align=\"JUSTIFY\"><a href=\"http:\/\/www.ifbaiano.edu.br\/unidades\/lapa\/files\/2011\/08\/Semana-de-TI1.jpg\"><img decoding=\"async\" loading=\"lazy\" class=\"size-full wp-image-171 alignleft\" src=\"http:\/\/www.ifbaiano.edu.br\/unidades\/lapa\/files\/2011\/08\/Semana-de-TI1.jpg\" alt=\"\" width=\"287\" height=\"195\" \/><\/a>O\u00a0<em>Campus<\/em>\u00a0Bom Jesus da Lapa realizar\u00e1, no per\u00edodo de 10 a 14 de agosto, a I Semana de Tecnologia da Informa\u00e7\u00e3o, tendo como tema norteador:\u00a0<em>Reflex\u00f5es e Desafios Impostos \u00e0 Nova D\u00e9cada<\/em>. O evento objetiva sensibilizar para o fato de que a Tecnologia da Informa\u00e7\u00e3o no cotidiano do mundo globalizado remete a sociedade a uma nova ordem, pautada na velocidade de informa\u00e7\u00f5es, na constru\u00e7\u00e3o de redes virtuais complexas, no tr\u00e1fego de conte\u00fado din\u00e2mico e na inser\u00e7\u00e3o necess\u00e1ria de todas as pessoas \u00e0s ferramentas da Tecnologia.<\/p>\n<p align=\"JUSTIFY\">Palestras, mini-cursos, oficinas e atividades culturais far\u00e3o parte da programa\u00e7\u00e3o, que debater\u00e1 inclus\u00e3o digital, inclus\u00e3o de pessoas com defici\u00eancias \u00e0s tecnologias, o papel do Estado, ferramentas pedag\u00f3gicas tecnol\u00f3gicas, dispositivos m\u00f3veis entre outras quest\u00f5es.<\/p>\n<p align=\"JUSTIFY\">O referido evento tem como p\u00fablico alvo alunos da institui\u00e7\u00e3o, gestores, pesquisadores, educandos de outros\u00a0<em>Campi e\u00a0<\/em>Institutos<em>,<\/em>\u00a0sendo tamb\u00e9m aberto \u00e0s pessoas da comunidade local e regional.<\/p>\n<p align=\"JUSTIFY\">Informa\u00e7\u00f5es e inscri\u00e7\u00f5es no site:\u00a0semanadeti.lapa.ifbaiano.edu.br.<\/p>\n","protected":false},"excerpt":{"rendered":"<p>O\u00a0Campus\u00a0Bom Jesus da Lapa realizar\u00e1, no per\u00edodo de 10 a 14 de agosto, a I Semana de Tecnologia da Informa\u00e7\u00e3o, tendo como tema norteador:\u00a0Reflex\u00f5es e Desafios Impostos \u00e0 Nova D\u00e9cada. O evento objetiva sensibilizar para o fato de que a Tecnologia da Informa\u00e7\u00e3o no cotidiano do mundo globalizado remete a sociedade a uma nova ordem, [&hellip;]<\/p>\n","protected":false},"author":23,"featured_media":0,"comment_status":"open","ping_status":"open","sticky":false,"template":"","format":"standard","meta":[],"categories":[1],"tags":[],"_links":{"self":[{"href":"https:\/\/www.ifbaiano.edu.br\/unidades\/lapa\/wp-json\/wp\/v2\/posts\/168"}],"collection":[{"href":"https:\/\/www.ifbaiano.edu.br\/unidades\/lapa\/wp-json\/wp\/v2\/posts"}],"about":[{"href":"https:\/\/www.ifbaiano.edu.br\/unidades\/lapa\/wp-json\/wp\/v2\/types\/post"}],"author":[{"embeddable":true,"href":"https:\/\/www.ifbaiano.edu.br\/unidades\/lapa\/wp-json\/wp\/v2\/users\/23"}],"replies":[{"embeddable":true,"href":"https:\/\/www.ifbaiano.edu.br\/unidades\/lapa\/wp-json\/wp\/v2\/comments?post=168"}],"version-history":[{"count":5,"href":"https:\/\/www.ifbaiano.edu.br\/unidades\/lapa\/wp-json\/wp\/v2\/posts\/168\/revisions"}],"predecessor-version":[{"id":175,"href":"https:\/\/www.ifbaiano.edu.br\/unidades\/lapa\/wp-json\/wp\/v2\/posts\/168\/revisions\/175"}],"wp:attachment":[{"href":"https:\/\/www.ifbaiano.edu.br\/unidades\/lapa\/wp-json\/wp\/v2\/media?parent=168"}],"wp:term":[{"taxonomy":"category","embeddable":true,"href":"https:\/\/www.ifbaiano.edu.br\/unidades\/lapa\/wp-json\/wp\/v2\/categories?post=168"},{"taxonomy":"post_tag","embeddable":true,"href":"https:\/\/www.ifbaiano.edu.br\/unidades\/lapa\/wp-json\/wp\/v2\/tags?post=168"}],"curies":[{"name":"wp","href":"https:\/\/api.w.org\/{rel}","templated":true}]}}