{"id":16922,"date":"2020-08-14T10:15:57","date_gmt":"2020-08-14T13:15:57","guid":{"rendered":"https:\/\/www.ifbaiano.edu.br\/unidades\/lapa\/?p=16922"},"modified":"2020-08-19T11:20:30","modified_gmt":"2020-08-19T14:20:30","slug":"nono-episodio-do-dedin-de-prosa-em-libras","status":"publish","type":"post","link":"https:\/\/www.ifbaiano.edu.br\/unidades\/lapa\/2020\/08\/14\/nono-episodio-do-dedin-de-prosa-em-libras\/","title":{"rendered":"Nono epis\u00f3dio do \u201cDedin de Prosa\u201d em LIBRAS"},"content":{"rendered":"\n<p> J\u00e1 est\u00e1 dispon\u00edvel, no Canal do Youtube do&nbsp;<em>Campus<\/em>&nbsp;Bom Jesus da Lapa, o oitavo epis\u00f3dio do \u201cDedin de Prosa\u201d com tradu\u00e7\u00e3o em LIBRAS, a fim de atender o p\u00fablico surdo. <\/p>\n\n\n\n<p>No nono epis\u00f3dio do Dedin de prosa, falamos sobre Mulheres na Ci\u00eancia. Infelizmente, muitas carreiras ainda carregam consigo preconceitos ou s\u00e3o conhecidas por uma predomin\u00e2ncia masculina. O que est\u00e1 por tr\u00e1s desse quadro? Como mudar isso?<\/p>\n\n\n\n<figure class=\"wp-block-embed-youtube wp-block-embed is-type-video is-provider-youtube wp-embed-aspect-4-3 wp-has-aspect-ratio wp-embed-aspect-16-9\"><div class=\"wp-block-embed__wrapper\">\n<iframe loading=\"lazy\" title=\"9\u00ba Epis\u00f3dio do Podcast &quot;Dedin de Prosa&quot; - Vers\u00e3o em LIBRAS\" width=\"500\" height=\"375\" src=\"https:\/\/www.youtube.com\/embed\/Ury0Hhb_g1o?feature=oembed\" frameborder=\"0\" allow=\"accelerometer; autoplay; encrypted-media; gyroscope; picture-in-picture\" allowfullscreen><\/iframe>\n<\/div><\/figure>\n","protected":false},"excerpt":{"rendered":"<p>J\u00e1 est\u00e1 dispon\u00edvel, no Canal do Youtube do&nbsp;Campus&nbsp;Bom Jesus da Lapa, o oitavo epis\u00f3dio do \u201cDedin de Prosa\u201d com tradu\u00e7\u00e3o em LIBRAS, a fim de atender o p\u00fablico surdo. No nono epis\u00f3dio do Dedin de prosa, falamos sobre Mulheres na Ci\u00eancia. Infelizmente, muitas carreiras ainda carregam consigo preconceitos ou s\u00e3o conhecidas por uma predomin\u00e2ncia masculina. [&hellip;]<\/p>\n","protected":false},"author":100,"featured_media":16271,"comment_status":"open","ping_status":"open","sticky":false,"template":"","format":"standard","meta":[],"categories":[65],"tags":[],"_links":{"self":[{"href":"https:\/\/www.ifbaiano.edu.br\/unidades\/lapa\/wp-json\/wp\/v2\/posts\/16922"}],"collection":[{"href":"https:\/\/www.ifbaiano.edu.br\/unidades\/lapa\/wp-json\/wp\/v2\/posts"}],"about":[{"href":"https:\/\/www.ifbaiano.edu.br\/unidades\/lapa\/wp-json\/wp\/v2\/types\/post"}],"author":[{"embeddable":true,"href":"https:\/\/www.ifbaiano.edu.br\/unidades\/lapa\/wp-json\/wp\/v2\/users\/100"}],"replies":[{"embeddable":true,"href":"https:\/\/www.ifbaiano.edu.br\/unidades\/lapa\/wp-json\/wp\/v2\/comments?post=16922"}],"version-history":[{"count":2,"href":"https:\/\/www.ifbaiano.edu.br\/unidades\/lapa\/wp-json\/wp\/v2\/posts\/16922\/revisions"}],"predecessor-version":[{"id":16961,"href":"https:\/\/www.ifbaiano.edu.br\/unidades\/lapa\/wp-json\/wp\/v2\/posts\/16922\/revisions\/16961"}],"wp:featuredmedia":[{"embeddable":true,"href":"https:\/\/www.ifbaiano.edu.br\/unidades\/lapa\/wp-json\/wp\/v2\/media\/16271"}],"wp:attachment":[{"href":"https:\/\/www.ifbaiano.edu.br\/unidades\/lapa\/wp-json\/wp\/v2\/media?parent=16922"}],"wp:term":[{"taxonomy":"category","embeddable":true,"href":"https:\/\/www.ifbaiano.edu.br\/unidades\/lapa\/wp-json\/wp\/v2\/categories?post=16922"},{"taxonomy":"post_tag","embeddable":true,"href":"https:\/\/www.ifbaiano.edu.br\/unidades\/lapa\/wp-json\/wp\/v2\/tags?post=16922"}],"curies":[{"name":"wp","href":"https:\/\/api.w.org\/{rel}","templated":true}]}}