{"id":16928,"date":"2020-08-14T13:24:10","date_gmt":"2020-08-14T16:24:10","guid":{"rendered":"https:\/\/www.ifbaiano.edu.br\/unidades\/lapa\/?p=16928"},"modified":"2020-08-19T11:17:30","modified_gmt":"2020-08-19T14:17:30","slug":"nono-episodio-do-dedin-de-prosa","status":"publish","type":"post","link":"https:\/\/www.ifbaiano.edu.br\/unidades\/lapa\/2020\/08\/14\/nono-episodio-do-dedin-de-prosa\/","title":{"rendered":"Nono epis\u00f3dio do \u201cDedin de Prosa\u201d"},"content":{"rendered":"\n<p> No nono epis\u00f3dio do Dedin de Prosa,  servidora Ariaidny Farias contextualiza elementos hist\u00f3ricos e pol\u00edticos relacionados \u00e0 participa\u00e7\u00e3o das mulheres nas ci\u00eancias, apontando caminhos para superar estere\u00f3tipos e a desigualdade observada na participa\u00e7\u00e3o feminina em ci\u00eancia e tecnologia. Neste contexto, refor\u00e7a o papel da escola. <\/p>\n\n\n\n<p> Clique na imagem abaixo para acessar o podcast. <\/p>\n\n\n\n<figure class=\"wp-block-image size-large\"><a href=\"https:\/\/anchor.fm\/dedin-de-prosa\/episodes\/Episdio-9---Mulheres-na-Cincia-ei50b2\/a-a2spndn\" target=\"_blank\" rel=\"noopener noreferrer\"><img decoding=\"async\" loading=\"lazy\" width=\"1080\" height=\"1080\" src=\"https:\/\/www.ifbaiano.edu.br\/unidades\/lapa\/files\/2020\/06\/dedin-de-prosa-lapa-itapetinga.png\" alt=\"Nono epis\u00f3dio do Podcast Dedin de Prosa\" class=\"wp-image-16271\"><\/a><figcaption>Dedin de Prosa<\/figcaption><\/figure>\n","protected":false},"excerpt":{"rendered":"<p>No nono epis\u00f3dio do Dedin de Prosa, servidora Ariaidny Farias contextualiza elementos hist\u00f3ricos e pol\u00edticos relacionados \u00e0 participa\u00e7\u00e3o das mulheres nas ci\u00eancias, apontando caminhos para superar estere\u00f3tipos e a desigualdade observada na participa\u00e7\u00e3o feminina em ci\u00eancia e tecnologia. Neste contexto, refor\u00e7a o papel da escola. Clique na imagem abaixo para acessar o podcast. Dedin de [&hellip;]<\/p>\n","protected":false},"author":100,"featured_media":16271,"comment_status":"open","ping_status":"open","sticky":false,"template":"","format":"standard","meta":[],"categories":[30,24,40,65],"tags":[],"_links":{"self":[{"href":"https:\/\/www.ifbaiano.edu.br\/unidades\/lapa\/wp-json\/wp\/v2\/posts\/16928"}],"collection":[{"href":"https:\/\/www.ifbaiano.edu.br\/unidades\/lapa\/wp-json\/wp\/v2\/posts"}],"about":[{"href":"https:\/\/www.ifbaiano.edu.br\/unidades\/lapa\/wp-json\/wp\/v2\/types\/post"}],"author":[{"embeddable":true,"href":"https:\/\/www.ifbaiano.edu.br\/unidades\/lapa\/wp-json\/wp\/v2\/users\/100"}],"replies":[{"embeddable":true,"href":"https:\/\/www.ifbaiano.edu.br\/unidades\/lapa\/wp-json\/wp\/v2\/comments?post=16928"}],"version-history":[{"count":5,"href":"https:\/\/www.ifbaiano.edu.br\/unidades\/lapa\/wp-json\/wp\/v2\/posts\/16928\/revisions"}],"predecessor-version":[{"id":16934,"href":"https:\/\/www.ifbaiano.edu.br\/unidades\/lapa\/wp-json\/wp\/v2\/posts\/16928\/revisions\/16934"}],"wp:featuredmedia":[{"embeddable":true,"href":"https:\/\/www.ifbaiano.edu.br\/unidades\/lapa\/wp-json\/wp\/v2\/media\/16271"}],"wp:attachment":[{"href":"https:\/\/www.ifbaiano.edu.br\/unidades\/lapa\/wp-json\/wp\/v2\/media?parent=16928"}],"wp:term":[{"taxonomy":"category","embeddable":true,"href":"https:\/\/www.ifbaiano.edu.br\/unidades\/lapa\/wp-json\/wp\/v2\/categories?post=16928"},{"taxonomy":"post_tag","embeddable":true,"href":"https:\/\/www.ifbaiano.edu.br\/unidades\/lapa\/wp-json\/wp\/v2\/tags?post=16928"}],"curies":[{"name":"wp","href":"https:\/\/api.w.org\/{rel}","templated":true}]}}