{"id":16956,"date":"2020-08-18T17:26:51","date_gmt":"2020-08-18T20:26:51","guid":{"rendered":"https:\/\/www.ifbaiano.edu.br\/unidades\/lapa\/?p=16956"},"modified":"2020-08-20T20:24:19","modified_gmt":"2020-08-20T23:24:19","slug":"prorrogacao-dos-auxilios-emergenciais","status":"publish","type":"post","link":"https:\/\/www.ifbaiano.edu.br\/unidades\/lapa\/2020\/08\/18\/prorrogacao-dos-auxilios-emergenciais\/","title":{"rendered":"Prorroga\u00e7\u00e3o dos aux\u00edlios emergenciais"},"content":{"rendered":"\n<p>Diante dos&nbsp;impactos sociais provocados&nbsp;pela pandemia do novo coronav\u00edrus (Covid-19) e objetivando a perman\u00eancia e \u00eaxito dos&nbsp;estudantes, a&nbsp;Dire\u00e7\u00e3o-Geral do&nbsp;<em>Campus<\/em>&nbsp;Bom\n Jesus da Lapa, atendendo \u00e0 solicita\u00e7\u00e3o da Comiss\u00e3o Local de Assist\u00eancia\n Estudantil (CLAE), torna p\u00fablica a prorroga\u00e7\u00e3o do Aux\u00edlio Financeiro \nEmergencial, autorizado conforme Resolu\u00e7\u00e3o CONSUP n\u00ba 65\/2020, de&nbsp;27 de abril de 2020,&nbsp; e a&nbsp;inclus\u00e3o de 94 (noventa e quatro) estudantes, sendo&nbsp;53 (cinquenta e tr\u00eas) \nda lista de espera e 41 (quarenta e um) estudantes ingressantes em \n2018.2, nos cursos subsequentes e que participaram do processo de \nsele\u00e7\u00e3o do Programa de Assist\u00eancia e Inclus\u00e3o Social do Estudante \n(PAISE) 2019.<\/p>\n\n\n\n\n\n<p>Tamb\u00e9m fica prorrogada a concess\u00e3o do Aux\u00edlio Financeiro Extraordin\u00e1rio&nbsp;autorizado conforme Resolu\u00e7\u00e3o CONSUP n\u00ba 71\/2020, de 23 de&nbsp;junho\n de 2020, que beneficiou os estudantes que&nbsp;se matricularam, neste \ncampus,&nbsp; no per\u00edodo&nbsp;2019.2, e atendem os requisitos para a concess\u00e3o.<\/p>\n\n\n\n<p>A\n sele\u00e7\u00e3o dos estudantes \u00e9 feita pela CLAE, atendendo os requisitos \ndispostos nas Resolu\u00e7\u00f5es acima mencionadas, dentre eles, estar \nregularmente matriculados e se encontrar na situa\u00e7\u00e3o de vulnerabilidade \nsocioecon\u00f4mica.<\/p>\n\n\n\n<p>Os\n aux\u00edlios emergenciais&nbsp;est\u00e3o sendo&nbsp;prorrogados&nbsp;at\u00e9 dezembro de \n2020,&nbsp;sendo paga uma parcela mensal no valor de R$ 120,00 reais, \nmediante a disponibilidade or\u00e7ament\u00e1ria.<\/p>\n\n\n\n<p>Os novos&nbsp;estudantes contemplados na inclus\u00e3o dever\u00e3o apresentar os dados banc\u00e1rios e o n\u00famero do CPF por meio do e-mail: cae@lapa.ifbaiano.edu.br&nbsp; ou pelo&nbsp;<em>Whatsapp<\/em>&nbsp;da CAE: (77) 98101-4162, no&nbsp;per\u00edodo de 18 a 24 de&nbsp;agosto de 2020.<\/p>\n\n\n\n<div class=\"wp-block-file\"><a href=\"https:\/\/www.ifbaiano.edu.br\/unidades\/lapa\/files\/2020\/08\/Relacao_estudantes_inclusos_lista_espera_ingressantes_2018-2_subsequentes.pdf\">Rela\u00e7\u00e3o de estudantes inclusos da lista de espera e ingressantes em 2018.2 (cursos subsequentes) &#8211; 18\/08\/2020<\/a><\/div>\n\n\n\n<div class=\"wp-block-file\"><a href=\"https:\/\/www.ifbaiano.edu.br\/unidades\/lapa\/files\/2020\/08\/Inclusao_Discentes_lista_espera_ingressantes_Auxilio_Emergencial-retificada_20-08-2020.pdf\">Rela\u00e7\u00e3o de estudantes inclusos da lista de espera e ingressantes em 2018.2 (cursos subsequentes) &#8211; retificado em 20\/08\/2020<\/a><\/div>\n\n\n\n<div class=\"wp-block-file\"><a href=\"https:\/\/www.ifbaiano.edu.br\/unidades\/lapa\/files\/2020\/08\/PORTARIA-58_2020-BJL-GAB_BJL-DG_RET_IFBAIANO.pdf\">Portaria 58\/2020, de 18.08.2020 &#8211; Prorroga\u00e7\u00e3o e inclus\u00e3o de estudantes ao Aux\u00edlio Financeiro Emergencial (Res. 65\/2020)<\/a><\/div>\n\n\n\n<div class=\"wp-block-file\"><a href=\"https:\/\/www.ifbaiano.edu.br\/unidades\/lapa\/files\/2020\/08\/PORTARIA-59_2020-BJL-GAB_BJL-DG_RET_IFBAIANO.pdf\">Portaria 59\/2020, de 18.08.2020 &#8211; Prorroga\u00e7\u00e3o do Aux\u00edlio Financeiro Emergencial Extraordin\u00e1rio (Res. 71\/2020)<\/a><\/div>\n\n\n\n<div class=\"wp-block-file\"><a href=\"https:\/\/www.ifbaiano.edu.br\/unidades\/lapa\/files\/2020\/08\/PORTARIA-61_2020-BJL-GAB_BJL-DG_RET_IFBAIANO.pdf\"> Portaria 61\/2020, de 20.08.2020 (altera a Portaria n\u00ba 58\/2020) &#8211; Prorroga\u00e7\u00e3o e inclus\u00e3o de estudantes ao Aux\u00edlio Financeiro Emergencial (Res. 65\/2020)<\/a><\/div>\n","protected":false},"excerpt":{"rendered":"<p>Diante dos&nbsp;impactos sociais provocados&nbsp;pela pandemia do novo coronav\u00edrus (Covid-19) e objetivando a perman\u00eancia e \u00eaxito dos&nbsp;estudantes, a&nbsp;Dire\u00e7\u00e3o-Geral do&nbsp;Campus&nbsp;Bom Jesus da Lapa, atendendo \u00e0 solicita\u00e7\u00e3o da Comiss\u00e3o Local de Assist\u00eancia Estudantil (CLAE), torna p\u00fablica a prorroga\u00e7\u00e3o do Aux\u00edlio Financeiro Emergencial, autorizado conforme Resolu\u00e7\u00e3o CONSUP n\u00ba 65\/2020, de&nbsp;27 de abril de 2020,&nbsp; e a&nbsp;inclus\u00e3o de 94 (noventa [&hellip;]<\/p>\n","protected":false},"author":100,"featured_media":0,"comment_status":"open","ping_status":"open","sticky":false,"template":"","format":"standard","meta":[],"categories":[25,32,24,65],"tags":[],"_links":{"self":[{"href":"https:\/\/www.ifbaiano.edu.br\/unidades\/lapa\/wp-json\/wp\/v2\/posts\/16956"}],"collection":[{"href":"https:\/\/www.ifbaiano.edu.br\/unidades\/lapa\/wp-json\/wp\/v2\/posts"}],"about":[{"href":"https:\/\/www.ifbaiano.edu.br\/unidades\/lapa\/wp-json\/wp\/v2\/types\/post"}],"author":[{"embeddable":true,"href":"https:\/\/www.ifbaiano.edu.br\/unidades\/lapa\/wp-json\/wp\/v2\/users\/100"}],"replies":[{"embeddable":true,"href":"https:\/\/www.ifbaiano.edu.br\/unidades\/lapa\/wp-json\/wp\/v2\/comments?post=16956"}],"version-history":[{"count":9,"href":"https:\/\/www.ifbaiano.edu.br\/unidades\/lapa\/wp-json\/wp\/v2\/posts\/16956\/revisions"}],"predecessor-version":[{"id":16976,"href":"https:\/\/www.ifbaiano.edu.br\/unidades\/lapa\/wp-json\/wp\/v2\/posts\/16956\/revisions\/16976"}],"wp:attachment":[{"href":"https:\/\/www.ifbaiano.edu.br\/unidades\/lapa\/wp-json\/wp\/v2\/media?parent=16956"}],"wp:term":[{"taxonomy":"category","embeddable":true,"href":"https:\/\/www.ifbaiano.edu.br\/unidades\/lapa\/wp-json\/wp\/v2\/categories?post=16956"},{"taxonomy":"post_tag","embeddable":true,"href":"https:\/\/www.ifbaiano.edu.br\/unidades\/lapa\/wp-json\/wp\/v2\/tags?post=16956"}],"curies":[{"name":"wp","href":"https:\/\/api.w.org\/{rel}","templated":true}]}}